{"id":307653,"date":"2024-09-01T10:30:30","date_gmt":"2024-09-01T07:30:30","guid":{"rendered":"https:\/\/www.sana.sy\/tr\/?p=307653"},"modified":"2024-09-02T10:19:13","modified_gmt":"2024-09-02T07:19:13","slug":"israilin-cenine-yonelik-saldirganligi-besinci-gununde-devam-ediyor","status":"publish","type":"post","link":"https:\/\/archive.sana.sy\/tr\/?p=307653","title":{"rendered":"\u0130srail&#8217;in Cenin&#8217;e Y\u00f6nelik Sald\u0131rganl\u0131\u011f\u0131 Be\u015finci G\u00fcn\u00fcnde Devam Ediyor"},"content":{"rendered":"<p style=\"text-align: justify;\"><strong>\u0130\u015eGAL ED\u0130LEN KUD\u00dcS (SANA) \u2013 <\/strong>\u0130\u015fgalci \u0130srail&#8217;in, Cenin \u015fehrine ve kamp\u0131na y\u00f6nelik ac\u0131mas\u0131z sald\u0131rganl\u0131klar\u0131n\u0131 \u00fcst \u00fcste be\u015finci g\u00fcn\u00fcnde s\u00fcrd\u00fcrd\u00fc.<\/p>\n<p style=\"text-align: justify;\">WAFA Haber Ajans\u0131, \u0130\u015fgalci \u0130srail&#8217;in ge\u00e7en \u00c7ar\u015famba g\u00fcn\u00fcnden bu yana Cenin ve kamp\u0131na y\u00f6nelik sald\u0131rganl\u0131\u011f\u0131n\u0131n 14 Filistinlinin \u015fehit d\u00fc\u015fmesine, onlarcas\u0131n\u0131n yaralanmas\u0131 ve tutuklanmas\u0131yla sonu\u00e7land\u0131\u011f\u0131n\u0131, bu sald\u0131rganl\u0131\u011f\u0131n da kamu ve \u00f6zel m\u00fclklerin, tesislerin ve su ve elektrik a\u011flar\u0131 da dahil olmak \u00fczere altyap\u0131n\u0131n geni\u015f \u00e7apta tahrip olmas\u0131na yol a\u00e7t\u0131\u011f\u0131 belirtildi.<\/p>\n<p style=\"text-align: justify;\">\u0130srail \u0130\u015fgal g\u00fc\u00e7leri hala cenin \u015fehri ve kamp\u0131n\u0131 s\u0131k\u0131 bir ku\u015fatma alt\u0131nda tutuyor, daha fazla askeri takviye g\u00f6nderiyor.<\/p>\n<p style=\"text-align: center;\"><strong><a href=\"https:\/\/t.me\/SuriyeArapHaberAjansI\">Telegram Kanal\u0131m\u0131z\u00a0<\/a>||<a href=\"https:\/\/twitter.com\/arap_ajans\">X Platformumuz\u00a0<\/a>||<a href=\"https:\/\/www.facebook.com\/SANAHaberAjansi\/\">Facebook Sayfam\u0131z<\/a><\/strong><\/p>\n","protected":false},"excerpt":{"rendered":"<p>\u0130\u015eGAL ED\u0130LEN KUD\u00dcS (SANA) \u2013 \u0130\u015fgalci \u0130srail&#8217;in, Cenin \u015fehrine ve kamp\u0131na y\u00f6nelik ac\u0131mas\u0131z sald\u0131rganl\u0131klar\u0131n\u0131 \u00fcst \u00fcste be\u015finci g\u00fcn\u00fcnde s\u00fcrd\u00fcrd\u00fc. WAFA Haber Ajans\u0131, \u0130\u015fgalci \u0130srail&#8217;in ge\u00e7en \u00c7ar\u015famba g\u00fcn\u00fcnden bu yana Cenin ve kamp\u0131na y\u00f6nelik sald\u0131rganl\u0131\u011f\u0131n\u0131n 14 Filistinlinin \u015fehit d\u00fc\u015fmesine, onlarcas\u0131n\u0131n yaralanmas\u0131 ve tutuklanmas\u0131yla sonu\u00e7land\u0131\u011f\u0131n\u0131, bu sald\u0131rganl\u0131\u011f\u0131n da kamu ve \u00f6zel m\u00fclklerin, tesislerin ve su ve elektrik &hellip;<\/p>\n","protected":false},"author":39,"featured_media":307654,"comment_status":"closed","ping_status":"closed","sticky":false,"template":"","format":"standard","meta":{"footnotes":""},"categories":[458,459,17988],"tags":[],"class_list":["post-307653","post","type-post","status-publish","format-standard","has-post-thumbnail","","category-dunya1","category-haberler-arap-uluslararasi-politika","category-son-haberler"],"_links":{"self":[{"href":"https:\/\/archive.sana.sy\/tr\/index.php?rest_route=\/wp\/v2\/posts\/307653","targetHints":{"allow":["GET"]}}],"collection":[{"href":"https:\/\/archive.sana.sy\/tr\/index.php?rest_route=\/wp\/v2\/posts"}],"about":[{"href":"https:\/\/archive.sana.sy\/tr\/index.php?rest_route=\/wp\/v2\/types\/post"}],"author":[{"embeddable":true,"href":"https:\/\/archive.sana.sy\/tr\/index.php?rest_route=\/wp\/v2\/users\/39"}],"replies":[{"embeddable":true,"href":"https:\/\/archive.sana.sy\/tr\/index.php?rest_route=%2Fwp%2Fv2%2Fcomments&post=307653"}],"version-history":[{"count":3,"href":"https:\/\/archive.sana.sy\/tr\/index.php?rest_route=\/wp\/v2\/posts\/307653\/revisions"}],"predecessor-version":[{"id":307657,"href":"https:\/\/archive.sana.sy\/tr\/index.php?rest_route=\/wp\/v2\/posts\/307653\/revisions\/307657"}],"wp:featuredmedia":[{"embeddable":true,"href":"https:\/\/archive.sana.sy\/tr\/index.php?rest_route=\/wp\/v2\/media\/307654"}],"wp:attachment":[{"href":"https:\/\/archive.sana.sy\/tr\/index.php?rest_route=%2Fwp%2Fv2%2Fmedia&parent=307653"}],"wp:term":[{"taxonomy":"category","embeddable":true,"href":"https:\/\/archive.sana.sy\/tr\/index.php?rest_route=%2Fwp%2Fv2%2Fcategories&post=307653"},{"taxonomy":"post_tag","embeddable":true,"href":"https:\/\/archive.sana.sy\/tr\/index.php?rest_route=%2Fwp%2Fv2%2Ftags&post=307653"}],"curies":[{"name":"wp","href":"https:\/\/api.w.org\/{rel}","templated":true}]}}