{"id":307658,"date":"2024-09-01T13:07:01","date_gmt":"2024-09-01T10:07:01","guid":{"rendered":"https:\/\/www.sana.sy\/tr\/?p=307658"},"modified":"2024-09-03T08:28:30","modified_gmt":"2024-09-03T05:28:30","slug":"dusman-israil-guney-lubnana-saldirganliklarini-yeniledi-5","status":"publish","type":"post","link":"https:\/\/archive.sana.sy\/tr\/?p=307658","title":{"rendered":"D\u00fc\u015fman \u0130srail G\u00fcney L\u00fcbnan&#8217;a Sald\u0131rganl\u0131klar\u0131n\u0131 Yeniledi"},"content":{"rendered":"<p style=\"text-align: justify;\"><strong>BEYRUT (SANA) \u2013<\/strong> D\u00fc\u015fman \u0130srail, bug\u00fcn ve d\u00fcn ak\u015fam L\u00fcbnan&#8217;\u0131n g\u00fcneyindeki s\u0131n\u0131r b\u00f6lgelerine ve kasabalara sald\u0131rganl\u0131klar\u0131n\u0131 yeniledi.<\/p>\n<p style=\"text-align: justify;\">D\u00fc\u015fman sava\u015f u\u00e7aklar\u0131 g\u00fcney L\u00fcbnan \u00fczerinden u\u00e7arak do\u011fu L\u00fcbnan&#8217;daki Bekaa Vadisi hava sahas\u0131na ula\u015f\u0131rken, \u0130srail top\u00e7u bombard\u0131man\u0131 Vedi \u015eeba&#8217;y\u0131 hedef ald\u0131.<\/p>\n<p style=\"text-align: justify;\">Ayta El \u015eaab kasabas\u0131, i\u015fgal alt\u0131ndaki Filistin topraklar\u0131nda konu\u015flanm\u0131\u015f \u0130srail d\u00fc\u015fman mevzilerinden aral\u0131kl\u0131 top\u00e7u bombard\u0131man\u0131na maruz kald\u0131.<\/p>\n<p style=\"text-align: center;\"><strong><a href=\"https:\/\/t.me\/SuriyeArapHaberAjansI\">Telegram Kanal\u0131m\u0131z\u00a0<\/a>||<a href=\"https:\/\/twitter.com\/arap_ajans\">X Platformumuz\u00a0<\/a>||<a href=\"https:\/\/www.facebook.com\/SANAHaberAjansi\/\">Facebook Sayfam\u0131z<\/a><\/strong><\/p>\n","protected":false},"excerpt":{"rendered":"<p>BEYRUT (SANA) \u2013 D\u00fc\u015fman \u0130srail, bug\u00fcn ve d\u00fcn ak\u015fam L\u00fcbnan&#8217;\u0131n g\u00fcneyindeki s\u0131n\u0131r b\u00f6lgelerine ve kasabalara sald\u0131rganl\u0131klar\u0131n\u0131 yeniledi. D\u00fc\u015fman sava\u015f u\u00e7aklar\u0131 g\u00fcney L\u00fcbnan \u00fczerinden u\u00e7arak do\u011fu L\u00fcbnan&#8217;daki Bekaa Vadisi hava sahas\u0131na ula\u015f\u0131rken, \u0130srail top\u00e7u bombard\u0131man\u0131 Vedi \u015eeba&#8217;y\u0131 hedef ald\u0131. Ayta El \u015eaab kasabas\u0131, i\u015fgal alt\u0131ndaki Filistin topraklar\u0131nda konu\u015flanm\u0131\u015f \u0130srail d\u00fc\u015fman mevzilerinden aral\u0131kl\u0131 top\u00e7u bombard\u0131man\u0131na maruz kald\u0131. &hellip;<\/p>\n","protected":false},"author":39,"featured_media":307659,"comment_status":"closed","ping_status":"closed","sticky":false,"template":"","format":"standard","meta":{"footnotes":""},"categories":[458,459,17988],"tags":[],"class_list":["post-307658","post","type-post","status-publish","format-standard","has-post-thumbnail","","category-dunya1","category-haberler-arap-uluslararasi-politika","category-son-haberler"],"_links":{"self":[{"href":"https:\/\/archive.sana.sy\/tr\/index.php?rest_route=\/wp\/v2\/posts\/307658","targetHints":{"allow":["GET"]}}],"collection":[{"href":"https:\/\/archive.sana.sy\/tr\/index.php?rest_route=\/wp\/v2\/posts"}],"about":[{"href":"https:\/\/archive.sana.sy\/tr\/index.php?rest_route=\/wp\/v2\/types\/post"}],"author":[{"embeddable":true,"href":"https:\/\/archive.sana.sy\/tr\/index.php?rest_route=\/wp\/v2\/users\/39"}],"replies":[{"embeddable":true,"href":"https:\/\/archive.sana.sy\/tr\/index.php?rest_route=%2Fwp%2Fv2%2Fcomments&post=307658"}],"version-history":[{"count":1,"href":"https:\/\/archive.sana.sy\/tr\/index.php?rest_route=\/wp\/v2\/posts\/307658\/revisions"}],"predecessor-version":[{"id":307660,"href":"https:\/\/archive.sana.sy\/tr\/index.php?rest_route=\/wp\/v2\/posts\/307658\/revisions\/307660"}],"wp:featuredmedia":[{"embeddable":true,"href":"https:\/\/archive.sana.sy\/tr\/index.php?rest_route=\/wp\/v2\/media\/307659"}],"wp:attachment":[{"href":"https:\/\/archive.sana.sy\/tr\/index.php?rest_route=%2Fwp%2Fv2%2Fmedia&parent=307658"}],"wp:term":[{"taxonomy":"category","embeddable":true,"href":"https:\/\/archive.sana.sy\/tr\/index.php?rest_route=%2Fwp%2Fv2%2Fcategories&post=307658"},{"taxonomy":"post_tag","embeddable":true,"href":"https:\/\/archive.sana.sy\/tr\/index.php?rest_route=%2Fwp%2Fv2%2Ftags&post=307658"}],"curies":[{"name":"wp","href":"https:\/\/api.w.org\/{rel}","templated":true}]}}