{"id":307665,"date":"2024-09-01T14:36:00","date_gmt":"2024-09-01T11:36:00","guid":{"rendered":"https:\/\/www.sana.sy\/tr\/?p=307665"},"modified":"2024-09-02T09:57:43","modified_gmt":"2024-09-02T06:57:43","slug":"aksa-tufani-operasyonu-bugunun-en-one-cikan-gelismeleri-239","status":"publish","type":"post","link":"https:\/\/archive.sana.sy\/tr\/?p=307665","title":{"rendered":"Aksa Tufan\u0131 Operasyonu\u2026 Bug\u00fcn\u00fcn En \u00d6ne \u00c7\u0131kan Geli\u015fmeleri"},"content":{"rendered":"<p style=\"text-align: justify;\"><strong>\u0130\u015eGAL ED\u0130LEN KUD\u00dcS (SANA) \u2013\u00a0<\/strong>Filistin direni\u015finin i\u015fgalci \u0130srail\u2019in sald\u0131rganl\u0131\u011f\u0131na yan\u0131t olarak 7 Ekim\u2019de ba\u015flatt\u0131\u011f\u0131 Aksa Tufan\u0131 Operasyonu\u2019nda \u00f6ne \u00e7\u0131kan geli\u015fmeler:<\/p>\n<ul>\n<li style=\"text-align: justify;\">Filistin medyas\u0131: \u0130srail i\u015fgalinin Gazze \u015fehrinin g\u00fcneydo\u011fusundaki El Zaytun mahallesinin ortas\u0131nda yerlerinden edilmi\u015f ki\u015filerin ya\u015fad\u0131\u011f\u0131 bir okulu bombalamas\u0131 sonucu 3 \u015fehit ve \u00e7ok say\u0131da yaral\u0131.<\/li>\n<li style=\"text-align: justify;\"><a href=\"https:\/\/www.sana.sy\/tr\/?p=307675\">\u0130srail&#8217;in Gazze sald\u0131rganl\u0131\u011f\u0131nda \u015fehit say\u0131s\u0131 40 bin 738&#8217;e \u00e7\u0131kt\u0131.<\/a><\/li>\n<li style=\"text-align: justify;\">Filistin Sa\u011fl\u0131k Bakanl\u0131\u011f\u0131: \u0130srail&#8217;in Gazze \u015eeridi&#8217;ne y\u00f6nelik 331&#8217;inci g\u00fcn\u00fcnde devam eden i\u015fgal sald\u0131r\u0131s\u0131nda \u00f6lenlerin say\u0131s\u0131 40 bin 738 \u015fehit ve 94 bin 154 yaral\u0131ya y\u00fckseldi.<\/li>\n<li style=\"text-align: justify;\">Filistin Sa\u011fl\u0131k Bakanl\u0131\u011f\u0131: \u0130\u015fgalci \u0130srail son 24 saatte Gazze \u015eeridi&#8217;nde 3 katliam ger\u00e7ekle\u015ftirdi; hastanelerde 47 \u015fehit ve 94 yaral\u0131ya ula\u015ft\u0131.<\/li>\n<li>\n<p style=\"text-align: justify;\">Filistin medyas\u0131: \u0130srail i\u015fgal u\u00e7aklar\u0131n\u0131n \u015fehrin g\u00fcneyindeki bir evi bombalamas\u0131 sonucu 6 \u015fehit ve \u00e7ok say\u0131da yaral\u0131<\/p>\n<\/li>\n<\/ul>\n<p style=\"text-align: center;\"><strong><a href=\"https:\/\/t.me\/SuriyeArapHaberAjansI\">Telegram Kanal\u0131m\u0131z\u00a0<\/a>||<a href=\"https:\/\/twitter.com\/arap_ajans\">X Platformumuz\u00a0<\/a>||<a href=\"https:\/\/www.facebook.com\/SANAHaberAjansi\/\">Facebook Sayfam\u0131z<\/a><\/strong><\/p>\n<p>&nbsp;<\/p>\n","protected":false},"excerpt":{"rendered":"<p>\u0130\u015eGAL ED\u0130LEN KUD\u00dcS (SANA) \u2013\u00a0Filistin direni\u015finin i\u015fgalci \u0130srail\u2019in sald\u0131rganl\u0131\u011f\u0131na yan\u0131t olarak 7 Ekim\u2019de ba\u015flatt\u0131\u011f\u0131 Aksa Tufan\u0131 Operasyonu\u2019nda \u00f6ne \u00e7\u0131kan geli\u015fmeler: Filistin medyas\u0131: \u0130srail i\u015fgalinin Gazze \u015fehrinin g\u00fcneydo\u011fusundaki El Zaytun mahallesinin ortas\u0131nda yerlerinden edilmi\u015f ki\u015filerin ya\u015fad\u0131\u011f\u0131 bir okulu bombalamas\u0131 sonucu 3 \u015fehit ve \u00e7ok say\u0131da yaral\u0131. \u0130srail&#8217;in Gazze sald\u0131rganl\u0131\u011f\u0131nda \u015fehit say\u0131s\u0131 40 bin 738&#8217;e \u00e7\u0131kt\u0131. Filistin &hellip;<\/p>\n","protected":false},"author":39,"featured_media":307666,"comment_status":"closed","ping_status":"closed","sticky":false,"template":"","format":"standard","meta":{"footnotes":""},"categories":[458,459,17988],"tags":[],"class_list":["post-307665","post","type-post","status-publish","format-standard","has-post-thumbnail","","category-dunya1","category-haberler-arap-uluslararasi-politika","category-son-haberler"],"_links":{"self":[{"href":"https:\/\/archive.sana.sy\/tr\/index.php?rest_route=\/wp\/v2\/posts\/307665","targetHints":{"allow":["GET"]}}],"collection":[{"href":"https:\/\/archive.sana.sy\/tr\/index.php?rest_route=\/wp\/v2\/posts"}],"about":[{"href":"https:\/\/archive.sana.sy\/tr\/index.php?rest_route=\/wp\/v2\/types\/post"}],"author":[{"embeddable":true,"href":"https:\/\/archive.sana.sy\/tr\/index.php?rest_route=\/wp\/v2\/users\/39"}],"replies":[{"embeddable":true,"href":"https:\/\/archive.sana.sy\/tr\/index.php?rest_route=%2Fwp%2Fv2%2Fcomments&post=307665"}],"version-history":[{"count":4,"href":"https:\/\/archive.sana.sy\/tr\/index.php?rest_route=\/wp\/v2\/posts\/307665\/revisions"}],"predecessor-version":[{"id":307701,"href":"https:\/\/archive.sana.sy\/tr\/index.php?rest_route=\/wp\/v2\/posts\/307665\/revisions\/307701"}],"wp:featuredmedia":[{"embeddable":true,"href":"https:\/\/archive.sana.sy\/tr\/index.php?rest_route=\/wp\/v2\/media\/307666"}],"wp:attachment":[{"href":"https:\/\/archive.sana.sy\/tr\/index.php?rest_route=%2Fwp%2Fv2%2Fmedia&parent=307665"}],"wp:term":[{"taxonomy":"category","embeddable":true,"href":"https:\/\/archive.sana.sy\/tr\/index.php?rest_route=%2Fwp%2Fv2%2Fcategories&post=307665"},{"taxonomy":"post_tag","embeddable":true,"href":"https:\/\/archive.sana.sy\/tr\/index.php?rest_route=%2Fwp%2Fv2%2Ftags&post=307665"}],"curies":[{"name":"wp","href":"https:\/\/api.w.org\/{rel}","templated":true}]}}