{"id":307672,"date":"2024-09-01T10:55:58","date_gmt":"2024-09-01T07:55:58","guid":{"rendered":"https:\/\/sana.sy\/tr\/?p=307672"},"modified":"2024-09-03T08:28:30","modified_gmt":"2024-09-03T05:28:30","slug":"deyrezzorda-terorun-biraktigi-mayinin-patlamasi-sonucu-4-vatandas-yaralandi","status":"publish","type":"post","link":"https:\/\/archive.sana.sy\/tr\/?p=307672","title":{"rendered":"Deyrezzor&#8217;da Ter\u00f6r\u00fcn B\u0131rakt\u0131\u011f\u0131 May\u0131n\u0131n Patlamas\u0131 Sonucu 4 Vatanda\u015f Yaraland\u0131"},"content":{"rendered":"<p style=\"text-align: justify;\"><strong>DEYREZZOR (SANA)<\/strong> &#8211; Deyrezzor&#8217;un El Ba\u011fliye mahallesinde ter\u00f6r \u00f6rg\u00fctlerinin tar\u0131m arazisine b\u0131rakt\u0131\u011f\u0131 may\u0131n\u0131n patlamas\u0131 sonucu 4 vatanda\u015f yaraland\u0131.<\/p>\n<p style=\"text-align: justify;\">SANA muhabiri, yaral\u0131lar\u0131n 32 ya\u015f\u0131nda bir erkek ve 3 kad\u0131n oldu\u011funu, v\u00fccudun \u00e7e\u015fitli yerlerinden \u015farapnel par\u00e7alar\u0131na maruz kalmalar\u0131 sonucu Deyrizor kentindeki bir hastaneye kald\u0131r\u0131ld\u0131klar\u0131n\u0131 bildirdi.<\/p>\n<p style=\"text-align: center;\"><strong><a href=\"https:\/\/t.me\/SuriyeArapHaberAjansI\">Telegram Kanal\u0131m\u0131z\u00a0<\/a>||<a href=\"https:\/\/twitter.com\/arap_ajans\">X Platformumuz\u00a0<\/a>||<a href=\"https:\/\/www.facebook.com\/SANAHaberAjansi\/\">Facebook Sayfam\u0131z<\/a><\/strong><\/p>\n","protected":false},"excerpt":{"rendered":"<p>DEYREZZOR (SANA) &#8211; Deyrezzor&#8217;un El Ba\u011fliye mahallesinde ter\u00f6r \u00f6rg\u00fctlerinin tar\u0131m arazisine b\u0131rakt\u0131\u011f\u0131 may\u0131n\u0131n patlamas\u0131 sonucu 4 vatanda\u015f yaraland\u0131. SANA muhabiri, yaral\u0131lar\u0131n 32 ya\u015f\u0131nda bir erkek ve 3 kad\u0131n oldu\u011funu, v\u00fccudun \u00e7e\u015fitli yerlerinden \u015farapnel par\u00e7alar\u0131na maruz kalmalar\u0131 sonucu Deyrizor kentindeki bir hastaneye kald\u0131r\u0131ld\u0131klar\u0131n\u0131 bildirdi. Telegram Kanal\u0131m\u0131z\u00a0||X Platformumuz\u00a0||Facebook Sayfam\u0131z<\/p>\n","protected":false},"author":41,"featured_media":307673,"comment_status":"closed","ping_status":"closed","sticky":false,"template":"","format":"standard","meta":{"footnotes":""},"categories":[458,459,17988],"tags":[42252,38641,42253],"class_list":["post-307672","post","type-post","status-publish","format-standard","has-post-thumbnail","","category-dunya1","category-haberler-arap-uluslararasi-politika","category-son-haberler","tag-deyrezzorda-terorun-biraktigi-mayinin-patlamasi-sonucu-4-vatandas-yaralandi","tag-suriyede-son-gelimeler","tag-suriyedeki-konuslanan-teror-orgutleri"],"_links":{"self":[{"href":"https:\/\/archive.sana.sy\/tr\/index.php?rest_route=\/wp\/v2\/posts\/307672","targetHints":{"allow":["GET"]}}],"collection":[{"href":"https:\/\/archive.sana.sy\/tr\/index.php?rest_route=\/wp\/v2\/posts"}],"about":[{"href":"https:\/\/archive.sana.sy\/tr\/index.php?rest_route=\/wp\/v2\/types\/post"}],"author":[{"embeddable":true,"href":"https:\/\/archive.sana.sy\/tr\/index.php?rest_route=\/wp\/v2\/users\/41"}],"replies":[{"embeddable":true,"href":"https:\/\/archive.sana.sy\/tr\/index.php?rest_route=%2Fwp%2Fv2%2Fcomments&post=307672"}],"version-history":[{"count":1,"href":"https:\/\/archive.sana.sy\/tr\/index.php?rest_route=\/wp\/v2\/posts\/307672\/revisions"}],"predecessor-version":[{"id":307674,"href":"https:\/\/archive.sana.sy\/tr\/index.php?rest_route=\/wp\/v2\/posts\/307672\/revisions\/307674"}],"wp:featuredmedia":[{"embeddable":true,"href":"https:\/\/archive.sana.sy\/tr\/index.php?rest_route=\/wp\/v2\/media\/307673"}],"wp:attachment":[{"href":"https:\/\/archive.sana.sy\/tr\/index.php?rest_route=%2Fwp%2Fv2%2Fmedia&parent=307672"}],"wp:term":[{"taxonomy":"category","embeddable":true,"href":"https:\/\/archive.sana.sy\/tr\/index.php?rest_route=%2Fwp%2Fv2%2Fcategories&post=307672"},{"taxonomy":"post_tag","embeddable":true,"href":"https:\/\/archive.sana.sy\/tr\/index.php?rest_route=%2Fwp%2Fv2%2Ftags&post=307672"}],"curies":[{"name":"wp","href":"https:\/\/api.w.org\/{rel}","templated":true}]}}