{"id":307675,"date":"2024-09-01T16:01:42","date_gmt":"2024-09-01T13:01:42","guid":{"rendered":"https:\/\/sana.sy\/tr\/?p=307675"},"modified":"2024-09-03T08:28:41","modified_gmt":"2024-09-03T05:28:41","slug":"israilin-gazze-saldirganliginda-sehit-sayisi-40-bin-738e-cikti","status":"publish","type":"post","link":"https:\/\/archive.sana.sy\/tr\/?p=307675","title":{"rendered":"\u0130srail&#8217;in Gazze Sald\u0131rganl\u0131\u011f\u0131nda \u015eehit Say\u0131s\u0131 40 Bin 738&#8217;e \u00c7\u0131kt\u0131"},"content":{"rendered":"<p style=\"text-align: justify;\"><strong>\u0130\u015eGAL ED\u0130LEN KUD\u00dcS (SANA)<\/strong> &#8211;\u00a0 Filistin Sa\u011fl\u0131k Bakanl\u0131\u011f\u0131, \u0130srail i\u015fgalinin son 24 saat i\u00e7inde Gazze \u015eeridi&#8217;nde 3 katliam ger\u00e7ekle\u015ftirdi\u011fini, bunlar\u0131n kurbanlar\u0131n\u0131n hastanelere ula\u015ft\u0131\u011f\u0131n\u0131 a\u00e7\u0131klad\u0131: 47 \u015fehit, 94 yaral\u0131.<\/p>\n<p style=\"text-align: justify;\">Bakanl\u0131k bug\u00fcn yapt\u0131\u011f\u0131 a\u00e7\u0131klamada \u015funlar\u0131 s\u00f6yledi: \u2018\u2019Gazze \u015eeridi&#8217;nde 331&#8217;inci g\u00fcn\u00fcnde devam eden i\u015fgal sald\u0131r\u0131s\u0131n\u0131n kurbanlar\u0131n\u0131n say\u0131s\u0131 40 bin 738 \u015fehit ve 94 bin 154 yaral\u0131ya y\u00fckseldi. Baz\u0131 ma\u011fdurlar halen moloz alt\u0131nda ve yollardayken, ambulans ve sivil savunma ekipleri onlara ula\u015fam\u0131yor.\u2019\u2019<\/p>\n<p style=\"text-align: justify;\">Gazze \u015eeridi&#8217;nin merkezindeki Bureij kamp\u0131na d\u00fczenlenen i\u015fgal bombard\u0131man\u0131 sonucu biri k\u0131z olmak \u00fczere d\u00f6rt Filistinli \u015fehit oldu, \u00e7ok say\u0131da Filistinli de yaraland\u0131.<\/p>\n<p style=\"text-align: justify;\">Gazze \u015fehir merkezinde Belediye Park\u0131 yak\u0131n\u0131ndaki bir eve i\u015fgalci bombas\u0131 at\u0131lmas\u0131 sonucu bir kad\u0131n \u015fehit oldu, \u00e7ok say\u0131da ki\u015fi de yaraland\u0131.<\/p>\n<p style=\"text-align: center;\"><strong><a href=\"https:\/\/t.me\/SuriyeArapHaberAjansI\">Telegram Kanal\u0131m\u0131z\u00a0<\/a>||<a href=\"https:\/\/twitter.com\/arap_ajans\">X Platformumuz\u00a0<\/a>||<a href=\"https:\/\/www.facebook.com\/SANAHaberAjansi\/\">Facebook Sayfam\u0131z<\/a><\/strong><\/p>\n","protected":false},"excerpt":{"rendered":"<p>\u0130\u015eGAL ED\u0130LEN KUD\u00dcS (SANA) &#8211;\u00a0 Filistin Sa\u011fl\u0131k Bakanl\u0131\u011f\u0131, \u0130srail i\u015fgalinin son 24 saat i\u00e7inde Gazze \u015eeridi&#8217;nde 3 katliam ger\u00e7ekle\u015ftirdi\u011fini, bunlar\u0131n kurbanlar\u0131n\u0131n hastanelere ula\u015ft\u0131\u011f\u0131n\u0131 a\u00e7\u0131klad\u0131: 47 \u015fehit, 94 yaral\u0131. Bakanl\u0131k bug\u00fcn yapt\u0131\u011f\u0131 a\u00e7\u0131klamada \u015funlar\u0131 s\u00f6yledi: \u2018\u2019Gazze \u015eeridi&#8217;nde 331&#8217;inci g\u00fcn\u00fcnde devam eden i\u015fgal sald\u0131r\u0131s\u0131n\u0131n kurbanlar\u0131n\u0131n say\u0131s\u0131 40 bin 738 \u015fehit ve 94 bin 154 yaral\u0131ya y\u00fckseldi. Baz\u0131 &hellip;<\/p>\n","protected":false},"author":41,"featured_media":307678,"comment_status":"closed","ping_status":"closed","sticky":false,"template":"","format":"standard","meta":{"footnotes":""},"categories":[458,459,17988],"tags":[42254],"class_list":["post-307675","post","type-post","status-publish","format-standard","has-post-thumbnail","","category-dunya1","category-haberler-arap-uluslararasi-politika","category-son-haberler","tag-israilin-gazze-saldirganliginda-sehit-sayisi-40-bin-738e-cikti"],"_links":{"self":[{"href":"https:\/\/archive.sana.sy\/tr\/index.php?rest_route=\/wp\/v2\/posts\/307675","targetHints":{"allow":["GET"]}}],"collection":[{"href":"https:\/\/archive.sana.sy\/tr\/index.php?rest_route=\/wp\/v2\/posts"}],"about":[{"href":"https:\/\/archive.sana.sy\/tr\/index.php?rest_route=\/wp\/v2\/types\/post"}],"author":[{"embeddable":true,"href":"https:\/\/archive.sana.sy\/tr\/index.php?rest_route=\/wp\/v2\/users\/41"}],"replies":[{"embeddable":true,"href":"https:\/\/archive.sana.sy\/tr\/index.php?rest_route=%2Fwp%2Fv2%2Fcomments&post=307675"}],"version-history":[{"count":1,"href":"https:\/\/archive.sana.sy\/tr\/index.php?rest_route=\/wp\/v2\/posts\/307675\/revisions"}],"predecessor-version":[{"id":307677,"href":"https:\/\/archive.sana.sy\/tr\/index.php?rest_route=\/wp\/v2\/posts\/307675\/revisions\/307677"}],"wp:featuredmedia":[{"embeddable":true,"href":"https:\/\/archive.sana.sy\/tr\/index.php?rest_route=\/wp\/v2\/media\/307678"}],"wp:attachment":[{"href":"https:\/\/archive.sana.sy\/tr\/index.php?rest_route=%2Fwp%2Fv2%2Fmedia&parent=307675"}],"wp:term":[{"taxonomy":"category","embeddable":true,"href":"https:\/\/archive.sana.sy\/tr\/index.php?rest_route=%2Fwp%2Fv2%2Fcategories&post=307675"},{"taxonomy":"post_tag","embeddable":true,"href":"https:\/\/archive.sana.sy\/tr\/index.php?rest_route=%2Fwp%2Fv2%2Ftags&post=307675"}],"curies":[{"name":"wp","href":"https:\/\/api.w.org\/{rel}","templated":true}]}}