{"id":30768,"date":"2015-04-23T19:49:35","date_gmt":"2015-04-23T16:49:35","guid":{"rendered":"http:\/\/www.sana.sy\/tr\/?p=30768"},"modified":"2015-04-23T19:50:02","modified_gmt":"2015-04-23T16:50:02","slug":"halil-kultur-bakanligi-suriyeden-calinan-eserleri-iade-almaya-kararli","status":"publish","type":"post","link":"https:\/\/archive.sana.sy\/tr\/?p=30768","title":{"rendered":"Halil: K\u00fclt\u00fcr Bakanl\u0131\u011f\u0131 Suriye&#8217;den \u00c7al\u0131nan Eserleri \u0130ade Almaya Kararl\u0131"},"content":{"rendered":"<p>\u015eAM \u2013 K\u00fclt\u00fcr Bakan\u0131 \u0130sam Halil, bakanl\u0131\u011f\u0131n tarihi eser ve m\u00fczelerin silahl\u0131 ter\u00f6r \u00f6rg\u00fctlerin sald\u0131r\u0131lar\u0131ndan korunmas\u0131 i\u00e7in gerekli icraatlar\u0131 ald\u0131\u011f\u0131n\u0131 ifade etti.<\/p>\n<p><a href=\"http:\/\/www.sana.sy\/tr\/wp-content\/uploads\/2015\/04\/K\u00fclt\u00fcr-Ba\u015fkan\u0131-11.jpg\"><img loading=\"lazy\" decoding=\"async\" class=\"alignright wp-image-30772 size-medium\" src=\"http:\/\/www.sana.sy\/tr\/wp-content\/uploads\/2015\/04\/K\u00fclt\u00fcr-Ba\u015fkan\u0131-11-300x183.jpg\" alt=\"K\u00fclt\u00fcr Ba\u015fkan\u0131 1\" width=\"300\" height=\"183\" srcset=\"https:\/\/archive.sana.sy\/tr\/wp-content\/uploads\/2015\/04\/K\u00fclt\u00fcr-Ba\u015fkan\u0131-11-300x183.jpg 300w, https:\/\/archive.sana.sy\/tr\/wp-content\/uploads\/2015\/04\/K\u00fclt\u00fcr-Ba\u015fkan\u0131-11-150x91.jpg 150w, https:\/\/archive.sana.sy\/tr\/wp-content\/uploads\/2015\/04\/K\u00fclt\u00fcr-Ba\u015fkan\u0131-11-1024x624.jpg 1024w\" sizes=\"auto, (max-width: 300px) 100vw, 300px\" \/><\/a>\u201cSuriye Uygarl\u0131klar\u0131n Be\u015fi\u011fi\u201d ba\u015fl\u0131kl\u0131 dayan\u0131\u015fma kampanyas\u0131 \u00e7er\u00e7evesinde Suriye&#8217;yi ziyaret etmekte olan Frans\u0131z heyet ile bir araya gelen Halil, kimi tarihi eser platformlar\u0131n\u0131n ter\u00f6ristler taraf\u0131ndan rastgele bir \u015fekilde kaz\u0131 i\u015flemlerine ve tahrip sald\u0131r\u0131lar\u0131na maruz kald\u0131\u011f\u0131n\u0131 ifade etti.<\/p>\n<p>Ter\u00f6ristlerin Suriye topraklar\u0131ndan \u00e7ald\u0131klar\u0131 bir\u00e7ok tarihi eseri T\u00fcrkiye H\u00fck\u00fcmeti ile i\u015fbirli\u011fi i\u00e7erisinde Bat\u0131l\u0131 devletlere satt\u0131klar\u0131na i\u015faret eden Halil, Suriye&#8217;den \u00e7al\u0131nan tarihi eserlerin \u00e7al\u0131nmas\u0131 ve sat\u0131lmas\u0131 su\u00e7lar\u0131na kar\u0131\u015fan bu h\u00fck\u00fcmetlerin uluslararas\u0131 kanun ve kararlar\u0131 \u00e7i\u011fnediklerini vurgulad\u0131.<\/p>\n<p>K\u00fclt\u00fcr Bakanl\u0131\u011f\u0131 ve ba\u011fl\u0131 kurum-kurulu\u015flar\u0131n, Suriye&#8217;den \u00e7al\u0131nan tarihi eserlerin iade al\u0131nmas\u0131 ve bu eserlerin \u00e7al\u0131n\u0131p-sat\u0131lmas\u0131 su\u00e7una kar\u0131\u015fm\u0131\u015f olanlar\u0131n hak ettikleri cezalar\u0131 almalar\u0131 hususunda kararl\u0131 oldu\u011funu dile getiren Halil, Suriye&#8217;nin \u00e7al\u0131nan tarihi eserlerin kendisine ait oldu\u011funu kan\u0131tlayacak b\u00fct\u00fcn belgelere sahip oldu\u011funu beyan etti.<\/p>\n<p>Frans\u0131z Heyetin Ba\u015fkan\u0131 Rima el Halifavi, Suriye ziyaretinin ya\u015fanan olaylar\u0131 yerinde incelemek ve ger\u00e7ekleri g\u00f6rmenin yan\u0131 s\u0131ra Suriye&#8217;de ya\u015fanmakta olan krize ra\u011fmen s\u00fcren k\u00fclt\u00fcrel faaliyetleri izlemeyi ama\u00e7lad\u0131\u011f\u0131n\u0131 ifade etti.<\/p>\n<p>F.B. &#8211; M.M.<\/p>\n","protected":false},"excerpt":{"rendered":"<p>\u015eAM \u2013 K\u00fclt\u00fcr Bakan\u0131 \u0130sam Halil, bakanl\u0131\u011f\u0131n tarihi eser ve m\u00fczelerin silahl\u0131 ter\u00f6r \u00f6rg\u00fctlerin sald\u0131r\u0131lar\u0131ndan korunmas\u0131 i\u00e7in gerekli icraatlar\u0131 ald\u0131\u011f\u0131n\u0131 ifade etti. \u201cSuriye Uygarl\u0131klar\u0131n Be\u015fi\u011fi\u201d ba\u015fl\u0131kl\u0131 dayan\u0131\u015fma kampanyas\u0131 \u00e7er\u00e7evesinde Suriye&#8217;yi ziyaret etmekte olan Frans\u0131z heyet ile bir araya gelen Halil, kimi tarihi eser platformlar\u0131n\u0131n ter\u00f6ristler taraf\u0131ndan rastgele bir \u015fekilde kaz\u0131 i\u015flemlerine ve tahrip sald\u0131r\u0131lar\u0131na maruz &hellip;<\/p>\n","protected":false},"author":1,"featured_media":30771,"comment_status":"closed","ping_status":"closed","sticky":false,"template":"","format":"standard","meta":{"footnotes":""},"categories":[516,479,511,478],"tags":[13986],"class_list":["post-30768","post","type-post","status-publish","format-standard","has-post-thumbnail","","category-haberler-kultur-ve-sanat","category-haberler-yerel","category-kultur-ve-sanat","category-yerel","tag-halil-kultur-bakanligi-suriyeden-calinan-eserleri-iade-almaya-kararli"],"_links":{"self":[{"href":"https:\/\/archive.sana.sy\/tr\/index.php?rest_route=\/wp\/v2\/posts\/30768","targetHints":{"allow":["GET"]}}],"collection":[{"href":"https:\/\/archive.sana.sy\/tr\/index.php?rest_route=\/wp\/v2\/posts"}],"about":[{"href":"https:\/\/archive.sana.sy\/tr\/index.php?rest_route=\/wp\/v2\/types\/post"}],"author":[{"embeddable":true,"href":"https:\/\/archive.sana.sy\/tr\/index.php?rest_route=\/wp\/v2\/users\/1"}],"replies":[{"embeddable":true,"href":"https:\/\/archive.sana.sy\/tr\/index.php?rest_route=%2Fwp%2Fv2%2Fcomments&post=30768"}],"version-history":[{"count":0,"href":"https:\/\/archive.sana.sy\/tr\/index.php?rest_route=\/wp\/v2\/posts\/30768\/revisions"}],"wp:featuredmedia":[{"embeddable":true,"href":"https:\/\/archive.sana.sy\/tr\/index.php?rest_route=\/wp\/v2\/media\/30771"}],"wp:attachment":[{"href":"https:\/\/archive.sana.sy\/tr\/index.php?rest_route=%2Fwp%2Fv2%2Fmedia&parent=30768"}],"wp:term":[{"taxonomy":"category","embeddable":true,"href":"https:\/\/archive.sana.sy\/tr\/index.php?rest_route=%2Fwp%2Fv2%2Fcategories&post=30768"},{"taxonomy":"post_tag","embeddable":true,"href":"https:\/\/archive.sana.sy\/tr\/index.php?rest_route=%2Fwp%2Fv2%2Ftags&post=30768"}],"curies":[{"name":"wp","href":"https:\/\/api.w.org\/{rel}","templated":true}]}}