{"id":307688,"date":"2024-09-01T14:37:02","date_gmt":"2024-09-01T11:37:02","guid":{"rendered":"https:\/\/sana.sy\/tr\/?p=307688"},"modified":"2024-09-03T08:28:35","modified_gmt":"2024-09-03T05:28:35","slug":"halilin-batisindaki-kahramanca-direnis-operasyonunda-uc-israil-isgal-subayi-olduruldu","status":"publish","type":"post","link":"https:\/\/archive.sana.sy\/tr\/?p=307688","title":{"rendered":"Halil&#8217;in Bat\u0131s\u0131ndaki Kahramanca Direni\u015f Operasyonunda \u00dc\u00e7 \u0130srail \u0130\u015fgal Subay\u0131 \u00d6ld\u00fcr\u00fcld\u00fc"},"content":{"rendered":"<p style=\"text-align: justify;\"><strong>\u0130\u015eGAL ED\u0130LEN KUD\u00dcS (SANA) &#8211;<\/strong>\u00a0 \u0130srail&#8217;in Filistin halk\u0131na y\u00f6nelik devam eden sald\u0131r\u0131lar\u0131na yan\u0131t olarak bug\u00fcn Bat\u0131 \u015eeria&#8217;daki Halil \u015fehrinin bat\u0131s\u0131nda Filistin direni\u015fi taraf\u0131ndan ger\u00e7ekle\u015ftirilen kahramanca operasyonda \u00fc\u00e7 \u0130srailli d\u00fc\u015fman subay\u0131 ve askeri \u00f6ld\u00fcr\u00fcld\u00fc.<\/p>\n<p style=\"text-align: justify;\">Filistin medyas\u0131, direni\u015f sava\u015f\u00e7\u0131lar\u0131n\u0131n Halil \u015fehrinin bat\u0131s\u0131ndaki Tarkumiye&#8217;deki kontrol noktalar\u0131ndan birinde \u0130srail i\u015fgal kuvvetlerine ait bir araca ate\u015f a\u00e7t\u0131\u011f\u0131n\u0131 ve operasyonun failleri b\u00f6lgeden \u00e7ekilmeden \u00f6nce \u00fc\u00e7 subay ve askeri \u00f6ld\u00fcrd\u00fc\u011f\u00fcn\u00fc bildirdi.<\/p>\n<p style=\"text-align: center;\"><strong><a href=\"https:\/\/t.me\/SuriyeArapHaberAjansI\">Telegram Kanal\u0131m\u0131z\u00a0<\/a>||<a href=\"https:\/\/twitter.com\/arap_ajans\">X Platformumuz\u00a0<\/a>||<a href=\"https:\/\/www.facebook.com\/SANAHaberAjansi\/\">Facebook Sayfam\u0131z<\/a><\/strong><\/p>\n","protected":false},"excerpt":{"rendered":"<p>\u0130\u015eGAL ED\u0130LEN KUD\u00dcS (SANA) &#8211;\u00a0 \u0130srail&#8217;in Filistin halk\u0131na y\u00f6nelik devam eden sald\u0131r\u0131lar\u0131na yan\u0131t olarak bug\u00fcn Bat\u0131 \u015eeria&#8217;daki Halil \u015fehrinin bat\u0131s\u0131nda Filistin direni\u015fi taraf\u0131ndan ger\u00e7ekle\u015ftirilen kahramanca operasyonda \u00fc\u00e7 \u0130srailli d\u00fc\u015fman subay\u0131 ve askeri \u00f6ld\u00fcr\u00fcld\u00fc. Filistin medyas\u0131, direni\u015f sava\u015f\u00e7\u0131lar\u0131n\u0131n Halil \u015fehrinin bat\u0131s\u0131ndaki Tarkumiye&#8217;deki kontrol noktalar\u0131ndan birinde \u0130srail i\u015fgal kuvvetlerine ait bir araca ate\u015f a\u00e7t\u0131\u011f\u0131n\u0131 ve operasyonun failleri &hellip;<\/p>\n","protected":false},"author":41,"featured_media":307691,"comment_status":"closed","ping_status":"closed","sticky":false,"template":"","format":"standard","meta":{"footnotes":""},"categories":[458,459,17988],"tags":[42257],"class_list":["post-307688","post","type-post","status-publish","format-standard","has-post-thumbnail","","category-dunya1","category-haberler-arap-uluslararasi-politika","category-son-haberler","tag-halilin-batisindaki-kahramanca-direnis-operasyonunda-uc-israil-isgal-subayi-olduruldu"],"_links":{"self":[{"href":"https:\/\/archive.sana.sy\/tr\/index.php?rest_route=\/wp\/v2\/posts\/307688","targetHints":{"allow":["GET"]}}],"collection":[{"href":"https:\/\/archive.sana.sy\/tr\/index.php?rest_route=\/wp\/v2\/posts"}],"about":[{"href":"https:\/\/archive.sana.sy\/tr\/index.php?rest_route=\/wp\/v2\/types\/post"}],"author":[{"embeddable":true,"href":"https:\/\/archive.sana.sy\/tr\/index.php?rest_route=\/wp\/v2\/users\/41"}],"replies":[{"embeddable":true,"href":"https:\/\/archive.sana.sy\/tr\/index.php?rest_route=%2Fwp%2Fv2%2Fcomments&post=307688"}],"version-history":[{"count":1,"href":"https:\/\/archive.sana.sy\/tr\/index.php?rest_route=\/wp\/v2\/posts\/307688\/revisions"}],"predecessor-version":[{"id":307690,"href":"https:\/\/archive.sana.sy\/tr\/index.php?rest_route=\/wp\/v2\/posts\/307688\/revisions\/307690"}],"wp:featuredmedia":[{"embeddable":true,"href":"https:\/\/archive.sana.sy\/tr\/index.php?rest_route=\/wp\/v2\/media\/307691"}],"wp:attachment":[{"href":"https:\/\/archive.sana.sy\/tr\/index.php?rest_route=%2Fwp%2Fv2%2Fmedia&parent=307688"}],"wp:term":[{"taxonomy":"category","embeddable":true,"href":"https:\/\/archive.sana.sy\/tr\/index.php?rest_route=%2Fwp%2Fv2%2Fcategories&post=307688"},{"taxonomy":"post_tag","embeddable":true,"href":"https:\/\/archive.sana.sy\/tr\/index.php?rest_route=%2Fwp%2Fv2%2Ftags&post=307688"}],"curies":[{"name":"wp","href":"https:\/\/api.w.org\/{rel}","templated":true}]}}