{"id":307692,"date":"2024-09-01T18:09:44","date_gmt":"2024-09-01T15:09:44","guid":{"rendered":"https:\/\/sana.sy\/tr\/?p=307692"},"modified":"2024-09-03T08:28:46","modified_gmt":"2024-09-03T05:28:46","slug":"lavrov-amerikanin-suriye-topraklarini-isgal-etmesi-oradaki-durumu-etkiliyor","status":"publish","type":"post","link":"https:\/\/archive.sana.sy\/tr\/?p=307692","title":{"rendered":"Lavrov: Amerika&#8217;n\u0131n Suriye Topraklar\u0131n\u0131 \u0130\u015fgal Etmesi Oradaki Durumu Etkiliyor"},"content":{"rendered":"<p style=\"text-align: justify;\"><strong>MOSKOVA (SANA) &#8211;<\/strong>\u00a0 Rusya D\u0131\u015fi\u015fleri Bakan\u0131 Sergei Lavrov, Amerika&#8217;n\u0131n Suriye topraklar\u0131n\u0131 i\u015fgalinin buradaki durumu do\u011frudan etkiledi\u011fini, Suriye halk\u0131n\u0131n do\u011fal kaynaklar\u0131n\u0131n \u00e7al\u0131nd\u0131\u011f\u0131n\u0131 ve onlara haks\u0131z yapt\u0131r\u0131mlar uyguland\u0131\u011f\u0131n\u0131 do\u011frulad\u0131.<\/p>\n<p style=\"text-align: justify;\">Lavrov, Russia Today kanal\u0131na verdi\u011fi r\u00f6portajda, \u2018\u2019Amerikal\u0131lar sahada hi\u00e7bir sorunu \u00e7\u00f6zm\u00fcyor ve ter\u00f6rle m\u00fccadele etmiyor. Tam tersine, Suriye halk\u0131n\u0131n zengin petrol, gaz ve tar\u0131msal \u00fcr\u00fcnlerini ya\u011fmal\u0131yor, sat\u0131yor ve onlara ba\u011fl\u0131 milisleri istikrars\u0131zla\u015ft\u0131rmak ve desteklemek i\u00e7in kullan\u0131yorlar\u2019\u2019 dedi.<\/p>\n<p style=\"text-align: justify;\">Lavrov ayr\u0131ca ABD ve Bat\u0131&#8217;n\u0131n Suriye halk\u0131na y\u00f6nelik adaletsiz yapt\u0131r\u0131mlar\u0131n\u0131n durumu daha da k\u00f6t\u00fcle\u015ftirdi\u011fine dikkat \u00e7ekti.<\/p>\n<p style=\"text-align: justify;\">\u00dclkesinin, di\u011fer \u00fclkelerde oldu\u011fu gibi ABD&#8217;nin 2011&#8217;den bu yana dayatmaya \u00e7al\u0131\u015ft\u0131\u011f\u0131 durumu a\u015fma \u00e7abalar\u0131nda Suriye halk\u0131na destek vermeye devam etti\u011fini belirten Lavrov, Rusya-Suriye ikili ili\u015fkilerinin g\u00fcc\u00fcn\u00fc ve Suriye&#8217;ye y\u00f6nelik ter\u00f6rist sava\u015ftan kaynaklanan kalan sorunlara \u00e7\u00f6z\u00fcm bulmaya y\u00f6neldiklerini kaydederek, Rusya&#8217;n\u0131n Suriye halk\u0131n\u0131n \u00e7\u0131karlar\u0131na hizmet edecek \u015fekilde Suriye&#8217;nin yan\u0131nda durma kararl\u0131l\u0131\u011f\u0131n\u0131 da vurgulad\u0131.<\/p>\n<p style=\"text-align: center;\"><strong><a href=\"https:\/\/t.me\/SuriyeArapHaberAjansI\">Telegram Kanal\u0131m\u0131z\u00a0<\/a>||<a href=\"https:\/\/twitter.com\/arap_ajans\">X Platformumuz\u00a0<\/a>||<a href=\"https:\/\/www.facebook.com\/SANAHaberAjansi\/\">Facebook Sayfam\u0131z<\/a><\/strong><\/p>\n","protected":false},"excerpt":{"rendered":"<p>MOSKOVA (SANA) &#8211;\u00a0 Rusya D\u0131\u015fi\u015fleri Bakan\u0131 Sergei Lavrov, Amerika&#8217;n\u0131n Suriye topraklar\u0131n\u0131 i\u015fgalinin buradaki durumu do\u011frudan etkiledi\u011fini, Suriye halk\u0131n\u0131n do\u011fal kaynaklar\u0131n\u0131n \u00e7al\u0131nd\u0131\u011f\u0131n\u0131 ve onlara haks\u0131z yapt\u0131r\u0131mlar uyguland\u0131\u011f\u0131n\u0131 do\u011frulad\u0131. Lavrov, Russia Today kanal\u0131na verdi\u011fi r\u00f6portajda, \u2018\u2019Amerikal\u0131lar sahada hi\u00e7bir sorunu \u00e7\u00f6zm\u00fcyor ve ter\u00f6rle m\u00fccadele etmiyor. Tam tersine, Suriye halk\u0131n\u0131n zengin petrol, gaz ve tar\u0131msal \u00fcr\u00fcnlerini ya\u011fmal\u0131yor, sat\u0131yor ve &hellip;<\/p>\n","protected":false},"author":41,"featured_media":307693,"comment_status":"closed","ping_status":"closed","sticky":false,"template":"","format":"standard","meta":{"footnotes":""},"categories":[458,459,17988],"tags":[39675,42258,19043],"class_list":["post-307692","post","type-post","status-publish","format-standard","has-post-thumbnail","","category-dunya1","category-haberler-arap-uluslararasi-politika","category-son-haberler","tag-abdnin-suriyedeki-varligi","tag-lavrov-amerikanin-suriye-topraklarini-isgal-etmesi-oradaki-durumu-etkiliyor","tag-suriyede-son-durum"],"_links":{"self":[{"href":"https:\/\/archive.sana.sy\/tr\/index.php?rest_route=\/wp\/v2\/posts\/307692","targetHints":{"allow":["GET"]}}],"collection":[{"href":"https:\/\/archive.sana.sy\/tr\/index.php?rest_route=\/wp\/v2\/posts"}],"about":[{"href":"https:\/\/archive.sana.sy\/tr\/index.php?rest_route=\/wp\/v2\/types\/post"}],"author":[{"embeddable":true,"href":"https:\/\/archive.sana.sy\/tr\/index.php?rest_route=\/wp\/v2\/users\/41"}],"replies":[{"embeddable":true,"href":"https:\/\/archive.sana.sy\/tr\/index.php?rest_route=%2Fwp%2Fv2%2Fcomments&post=307692"}],"version-history":[{"count":4,"href":"https:\/\/archive.sana.sy\/tr\/index.php?rest_route=\/wp\/v2\/posts\/307692\/revisions"}],"predecessor-version":[{"id":307700,"href":"https:\/\/archive.sana.sy\/tr\/index.php?rest_route=\/wp\/v2\/posts\/307692\/revisions\/307700"}],"wp:featuredmedia":[{"embeddable":true,"href":"https:\/\/archive.sana.sy\/tr\/index.php?rest_route=\/wp\/v2\/media\/307693"}],"wp:attachment":[{"href":"https:\/\/archive.sana.sy\/tr\/index.php?rest_route=%2Fwp%2Fv2%2Fmedia&parent=307692"}],"wp:term":[{"taxonomy":"category","embeddable":true,"href":"https:\/\/archive.sana.sy\/tr\/index.php?rest_route=%2Fwp%2Fv2%2Fcategories&post=307692"},{"taxonomy":"post_tag","embeddable":true,"href":"https:\/\/archive.sana.sy\/tr\/index.php?rest_route=%2Fwp%2Fv2%2Ftags&post=307692"}],"curies":[{"name":"wp","href":"https:\/\/api.w.org\/{rel}","templated":true}]}}