{"id":307696,"date":"2024-09-01T09:12:15","date_gmt":"2024-09-01T06:12:15","guid":{"rendered":"https:\/\/sana.sy\/tr\/?p=307696"},"modified":"2024-09-02T08:32:27","modified_gmt":"2024-09-02T05:32:27","slug":"bin-selman-ve-el-sisi-gazze-seridindeki-israil-ihlallerinin-durdurulmasi-geregini-vurguladi","status":"publish","type":"post","link":"https:\/\/archive.sana.sy\/tr\/?p=307696","title":{"rendered":"Bin Selman Ve El Sisi, Gazze \u015eeridi&#8217;ndeki \u0130srail \u0130hlallerinin Durdurulmas\u0131 Gere\u011fini Vurgulad\u0131"},"content":{"rendered":"<p style=\"text-align: justify;\"><strong>R\u0130YAD (SANA) &#8211;<\/strong> Suudi Veliaht Prensi Muhammed bin SElman ve M\u0131s\u0131r Cumhurba\u015fkan\u0131 Abd\u00fclfettah El Sisi, i\u015fgal alt\u0131ndaki Filistin topraklar\u0131ndaki durumla ilgili geli\u015fmeleri ele ald\u0131.<\/p>\n<p style=\"text-align: justify;\">Suudi SPA haber ajans\u0131, iki taraf\u0131n bir telefon g\u00f6r\u00fc\u015fmesinde, \u0130srail&#8217;in Filistin halk\u0131na y\u00f6nelik ihlallerinin t\u0131rmanmas\u0131n\u0131 ve devam etmesini durdurmak i\u00e7in her t\u00fcrl\u00fc \u00e7abay\u0131 g\u00f6stermesi gerekti\u011fini vurgulad\u0131\u011f\u0131n\u0131 bildirdi.<\/p>\n<p style=\"text-align: center;\"><strong><a href=\"https:\/\/t.me\/SuriyeArapHaberAjansI\">Telegram Kanal\u0131m\u0131z\u00a0<\/a>||<a href=\"https:\/\/twitter.com\/arap_ajans\">X Platformumuz\u00a0<\/a>||<a href=\"https:\/\/www.facebook.com\/SANAHaberAjansi\/\">Facebook Sayfam\u0131z<\/a><\/strong><\/p>\n","protected":false},"excerpt":{"rendered":"<p>R\u0130YAD (SANA) &#8211; Suudi Veliaht Prensi Muhammed bin SElman ve M\u0131s\u0131r Cumhurba\u015fkan\u0131 Abd\u00fclfettah El Sisi, i\u015fgal alt\u0131ndaki Filistin topraklar\u0131ndaki durumla ilgili geli\u015fmeleri ele ald\u0131. Suudi SPA haber ajans\u0131, iki taraf\u0131n bir telefon g\u00f6r\u00fc\u015fmesinde, \u0130srail&#8217;in Filistin halk\u0131na y\u00f6nelik ihlallerinin t\u0131rmanmas\u0131n\u0131 ve devam etmesini durdurmak i\u00e7in her t\u00fcrl\u00fc \u00e7abay\u0131 g\u00f6stermesi gerekti\u011fini vurgulad\u0131\u011f\u0131n\u0131 bildirdi. Telegram Kanal\u0131m\u0131z\u00a0||X Platformumuz\u00a0||Facebook Sayfam\u0131z<\/p>\n","protected":false},"author":41,"featured_media":307697,"comment_status":"closed","ping_status":"closed","sticky":false,"template":"","format":"standard","meta":{"footnotes":""},"categories":[458,459,17988],"tags":[42259,42260],"class_list":["post-307696","post","type-post","status-publish","format-standard","has-post-thumbnail","","category-dunya1","category-haberler-arap-uluslararasi-politika","category-son-haberler","tag-bin-selman-ve-el-sisi","tag-gazze-seridindeki-israil-ihlallerinin-durdurulmasi-geregini-vurguladi"],"_links":{"self":[{"href":"https:\/\/archive.sana.sy\/tr\/index.php?rest_route=\/wp\/v2\/posts\/307696","targetHints":{"allow":["GET"]}}],"collection":[{"href":"https:\/\/archive.sana.sy\/tr\/index.php?rest_route=\/wp\/v2\/posts"}],"about":[{"href":"https:\/\/archive.sana.sy\/tr\/index.php?rest_route=\/wp\/v2\/types\/post"}],"author":[{"embeddable":true,"href":"https:\/\/archive.sana.sy\/tr\/index.php?rest_route=\/wp\/v2\/users\/41"}],"replies":[{"embeddable":true,"href":"https:\/\/archive.sana.sy\/tr\/index.php?rest_route=%2Fwp%2Fv2%2Fcomments&post=307696"}],"version-history":[{"count":1,"href":"https:\/\/archive.sana.sy\/tr\/index.php?rest_route=\/wp\/v2\/posts\/307696\/revisions"}],"predecessor-version":[{"id":307698,"href":"https:\/\/archive.sana.sy\/tr\/index.php?rest_route=\/wp\/v2\/posts\/307696\/revisions\/307698"}],"wp:featuredmedia":[{"embeddable":true,"href":"https:\/\/archive.sana.sy\/tr\/index.php?rest_route=\/wp\/v2\/media\/307697"}],"wp:attachment":[{"href":"https:\/\/archive.sana.sy\/tr\/index.php?rest_route=%2Fwp%2Fv2%2Fmedia&parent=307696"}],"wp:term":[{"taxonomy":"category","embeddable":true,"href":"https:\/\/archive.sana.sy\/tr\/index.php?rest_route=%2Fwp%2Fv2%2Fcategories&post=307696"},{"taxonomy":"post_tag","embeddable":true,"href":"https:\/\/archive.sana.sy\/tr\/index.php?rest_route=%2Fwp%2Fv2%2Ftags&post=307696"}],"curies":[{"name":"wp","href":"https:\/\/api.w.org\/{rel}","templated":true}]}}