{"id":307717,"date":"2024-09-02T08:13:48","date_gmt":"2024-09-02T05:13:48","guid":{"rendered":"https:\/\/sana.sy\/tr\/?p=307717"},"modified":"2024-09-03T08:28:57","modified_gmt":"2024-09-03T05:28:57","slug":"dusman-israilin-lubnanin-guneyindeki-nakura-kasabasinda-bir-araca-duzenledigi-hava-saldirisinda-iki-kisi-sehit-dustu","status":"publish","type":"post","link":"https:\/\/archive.sana.sy\/tr\/?p=307717","title":{"rendered":"D\u00fc\u015fman \u0130srail&#8217;in L\u00fcbnan&#8217;\u0131n G\u00fcneyindeki Nakura Kasabas\u0131nda Bir Araca D\u00fczenledi\u011fi Hava Sald\u0131r\u0131s\u0131nda \u0130ki Ki\u015fi \u015eehit D\u00fc\u015ft\u00fc"},"content":{"rendered":"<p style=\"text-align: justify;\"><strong>BEYRUT (SANA)<\/strong> \u2013 L\u00fcbnan&#8217;\u0131n g\u00fcneyindeki Nakura kasabas\u0131nda \u0130srail d\u00fc\u015fman u\u00e7aklar\u0131n\u0131n bir araca d\u00fczenledi\u011fi hava sald\u0131r\u0131s\u0131nda sonucu 2 ki\u015fi \u015fehit d\u00fc\u015ft\u00fc.<\/p>\n<p style=\"text-align: justify;\">L\u00fcbnan Sa\u011fl\u0131k Bakanl\u0131\u011f\u0131, L\u00fcbnan Ulusal Haber Ajans\u0131&#8217;n\u0131n haberine g\u00f6re, \u0130srailli d\u00fc\u015fman\u0131n Nakura kasabas\u0131nda bir araca bombalad\u0131\u011f\u0131n\u0131, bunun iki ki\u015finin \u015fehit d\u00fc\u015fmesine yol a\u00e7t\u0131\u011f\u0131n\u0131 belirtti.<\/p>\n<p style=\"text-align: center;\"><strong><a href=\"https:\/\/t.me\/SuriyeArapHaberAjansI\">Telegram Kanal\u0131m\u0131z\u00a0<\/a>||<a href=\"https:\/\/twitter.com\/arap_ajans\">X Platformumuz\u00a0<\/a>||<a href=\"https:\/\/www.facebook.com\/SANAHaberAjansi\/\">Facebook Sayfam\u0131z<\/a><\/strong><\/p>\n","protected":false},"excerpt":{"rendered":"<p>BEYRUT (SANA) \u2013 L\u00fcbnan&#8217;\u0131n g\u00fcneyindeki Nakura kasabas\u0131nda \u0130srail d\u00fc\u015fman u\u00e7aklar\u0131n\u0131n bir araca d\u00fczenledi\u011fi hava sald\u0131r\u0131s\u0131nda sonucu 2 ki\u015fi \u015fehit d\u00fc\u015ft\u00fc. L\u00fcbnan Sa\u011fl\u0131k Bakanl\u0131\u011f\u0131, L\u00fcbnan Ulusal Haber Ajans\u0131&#8217;n\u0131n haberine g\u00f6re, \u0130srailli d\u00fc\u015fman\u0131n Nakura kasabas\u0131nda bir araca bombalad\u0131\u011f\u0131n\u0131, bunun iki ki\u015finin \u015fehit d\u00fc\u015fmesine yol a\u00e7t\u0131\u011f\u0131n\u0131 belirtti. Telegram Kanal\u0131m\u0131z\u00a0||X Platformumuz\u00a0||Facebook Sayfam\u0131z<\/p>\n","protected":false},"author":39,"featured_media":307718,"comment_status":"closed","ping_status":"closed","sticky":false,"template":"","format":"standard","meta":{"footnotes":""},"categories":[458,459,17988],"tags":[42261],"class_list":["post-307717","post","type-post","status-publish","format-standard","has-post-thumbnail","","category-dunya1","category-haberler-arap-uluslararasi-politika","category-son-haberler","tag-dusman-israilin-lubnanin-guneyindeki-nakura-kasabasinda-bir-araca-duzenledigi-hava-saldirisinda-iki-kisi-sehit-dustu"],"_links":{"self":[{"href":"https:\/\/archive.sana.sy\/tr\/index.php?rest_route=\/wp\/v2\/posts\/307717","targetHints":{"allow":["GET"]}}],"collection":[{"href":"https:\/\/archive.sana.sy\/tr\/index.php?rest_route=\/wp\/v2\/posts"}],"about":[{"href":"https:\/\/archive.sana.sy\/tr\/index.php?rest_route=\/wp\/v2\/types\/post"}],"author":[{"embeddable":true,"href":"https:\/\/archive.sana.sy\/tr\/index.php?rest_route=\/wp\/v2\/users\/39"}],"replies":[{"embeddable":true,"href":"https:\/\/archive.sana.sy\/tr\/index.php?rest_route=%2Fwp%2Fv2%2Fcomments&post=307717"}],"version-history":[{"count":1,"href":"https:\/\/archive.sana.sy\/tr\/index.php?rest_route=\/wp\/v2\/posts\/307717\/revisions"}],"predecessor-version":[{"id":307719,"href":"https:\/\/archive.sana.sy\/tr\/index.php?rest_route=\/wp\/v2\/posts\/307717\/revisions\/307719"}],"wp:featuredmedia":[{"embeddable":true,"href":"https:\/\/archive.sana.sy\/tr\/index.php?rest_route=\/wp\/v2\/media\/307718"}],"wp:attachment":[{"href":"https:\/\/archive.sana.sy\/tr\/index.php?rest_route=%2Fwp%2Fv2%2Fmedia&parent=307717"}],"wp:term":[{"taxonomy":"category","embeddable":true,"href":"https:\/\/archive.sana.sy\/tr\/index.php?rest_route=%2Fwp%2Fv2%2Fcategories&post=307717"},{"taxonomy":"post_tag","embeddable":true,"href":"https:\/\/archive.sana.sy\/tr\/index.php?rest_route=%2Fwp%2Fv2%2Ftags&post=307717"}],"curies":[{"name":"wp","href":"https:\/\/api.w.org\/{rel}","templated":true}]}}