{"id":307740,"date":"2024-09-02T19:08:48","date_gmt":"2024-09-02T16:08:48","guid":{"rendered":"https:\/\/www.sana.sy\/tr\/?p=307740"},"modified":"2024-09-06T09:03:42","modified_gmt":"2024-09-06T06:03:42","slug":"isgal-gucleri-tulkarma-saldirdi-ve-iki-hastaneyi-kusatti","status":"publish","type":"post","link":"https:\/\/archive.sana.sy\/tr\/?p=307740","title":{"rendered":"\u0130\u015fgal g\u00fc\u00e7leri Tulkarm&#8217;a Sald\u0131rd\u0131 Ve \u0130ki Hastaneyi Ku\u015fatt\u0131"},"content":{"rendered":"<p style=\"text-align: justify;\"><strong>\u0130\u015eGAL ED\u0130LEN KUD\u00dcS (SANA) &#8211;<\/strong>\u00a0 Bu ak\u015fam \u0130srail i\u015fgal g\u00fc\u00e7leri Bat\u0131 \u015eeria&#8217;daki Tulkarm \u015fehrine bask\u0131n d\u00fczenledi, iki hastaneyi ku\u015fatt\u0131 ve \u00e7ok say\u0131da yolu buldozerlerle y\u0131kt\u0131.<\/p>\n<p style=\"text-align: justify;\">Wafa Ajans\u0131, i\u015fgal g\u00fc\u00e7lerinin \u00e7ok say\u0131da buldozer e\u015fli\u011finde \u015fehrin bat\u0131 taraf\u0131ndan bask\u0131n yapt\u0131\u011f\u0131n\u0131 ve sokaklarda ve mahallelerde dola\u015ft\u0131ktan sonra \u015eehit Sabit Sabit ve El \u0130sra \u0130htisas Hastanelerini silah sesleri alt\u0131nda ku\u015fatt\u0131\u011f\u0131n\u0131 bildirdi.<\/p>\n<p style=\"text-align: justify;\">\u0130\u015fgalci buldozerler, daha \u00f6nceki sald\u0131r\u0131larda tahrip edilen El Alimi kav\u015fa\u011f\u0131 \u00e7evresinde geni\u015f \u00e7apl\u0131 operasyonlar d\u00fczenleyerek, b\u00f6lgedeki ara\u00e7lar\u0131n ve Filistinlilerin hareketini engelledi.<\/p>\n<p style=\"text-align: justify;\">\u0130\u015fgal g\u00fc\u00e7leri ayr\u0131ca yo\u011fun al\u00e7ak irtifa drone u\u00e7u\u015flar\u0131 s\u0131ras\u0131nda \u015fehrin bat\u0131s\u0131na daha fazla takviye kuvvet g\u00f6nderdi.<\/p>\n<p style=\"text-align: center;\"><strong><a href=\"https:\/\/t.me\/SuriyeArapHaberAjansI\">Telegram Kanal\u0131m\u0131z\u00a0<\/a>||<a href=\"https:\/\/twitter.com\/arap_ajans\">X Platformumuz\u00a0<\/a>||<a href=\"https:\/\/www.facebook.com\/SANAHaberAjansi\/\">Facebook Sayfam\u0131z<\/a><\/strong><\/p>\n","protected":false},"excerpt":{"rendered":"<p>\u0130\u015eGAL ED\u0130LEN KUD\u00dcS (SANA) &#8211;\u00a0 Bu ak\u015fam \u0130srail i\u015fgal g\u00fc\u00e7leri Bat\u0131 \u015eeria&#8217;daki Tulkarm \u015fehrine bask\u0131n d\u00fczenledi, iki hastaneyi ku\u015fatt\u0131 ve \u00e7ok say\u0131da yolu buldozerlerle y\u0131kt\u0131. Wafa Ajans\u0131, i\u015fgal g\u00fc\u00e7lerinin \u00e7ok say\u0131da buldozer e\u015fli\u011finde \u015fehrin bat\u0131 taraf\u0131ndan bask\u0131n yapt\u0131\u011f\u0131n\u0131 ve sokaklarda ve mahallelerde dola\u015ft\u0131ktan sonra \u015eehit Sabit Sabit ve El \u0130sra \u0130htisas Hastanelerini silah sesleri alt\u0131nda &hellip;<\/p>\n","protected":false},"author":41,"featured_media":307741,"comment_status":"closed","ping_status":"closed","sticky":false,"template":"","format":"standard","meta":{"footnotes":""},"categories":[458,459,17988],"tags":[42268],"class_list":["post-307740","post","type-post","status-publish","format-standard","has-post-thumbnail","","category-dunya1","category-haberler-arap-uluslararasi-politika","category-son-haberler","tag-isgal-gucleri-tulkarma-saldirdi-ve-iki-hastaneyi-kusatti"],"_links":{"self":[{"href":"https:\/\/archive.sana.sy\/tr\/index.php?rest_route=\/wp\/v2\/posts\/307740","targetHints":{"allow":["GET"]}}],"collection":[{"href":"https:\/\/archive.sana.sy\/tr\/index.php?rest_route=\/wp\/v2\/posts"}],"about":[{"href":"https:\/\/archive.sana.sy\/tr\/index.php?rest_route=\/wp\/v2\/types\/post"}],"author":[{"embeddable":true,"href":"https:\/\/archive.sana.sy\/tr\/index.php?rest_route=\/wp\/v2\/users\/41"}],"replies":[{"embeddable":true,"href":"https:\/\/archive.sana.sy\/tr\/index.php?rest_route=%2Fwp%2Fv2%2Fcomments&post=307740"}],"version-history":[{"count":1,"href":"https:\/\/archive.sana.sy\/tr\/index.php?rest_route=\/wp\/v2\/posts\/307740\/revisions"}],"predecessor-version":[{"id":307742,"href":"https:\/\/archive.sana.sy\/tr\/index.php?rest_route=\/wp\/v2\/posts\/307740\/revisions\/307742"}],"wp:featuredmedia":[{"embeddable":true,"href":"https:\/\/archive.sana.sy\/tr\/index.php?rest_route=\/wp\/v2\/media\/307741"}],"wp:attachment":[{"href":"https:\/\/archive.sana.sy\/tr\/index.php?rest_route=%2Fwp%2Fv2%2Fmedia&parent=307740"}],"wp:term":[{"taxonomy":"category","embeddable":true,"href":"https:\/\/archive.sana.sy\/tr\/index.php?rest_route=%2Fwp%2Fv2%2Fcategories&post=307740"},{"taxonomy":"post_tag","embeddable":true,"href":"https:\/\/archive.sana.sy\/tr\/index.php?rest_route=%2Fwp%2Fv2%2Ftags&post=307740"}],"curies":[{"name":"wp","href":"https:\/\/api.w.org\/{rel}","templated":true}]}}