{"id":307743,"date":"2024-09-02T09:22:02","date_gmt":"2024-09-02T06:22:02","guid":{"rendered":"https:\/\/www.sana.sy\/tr\/?p=307743"},"modified":"2024-09-03T08:28:57","modified_gmt":"2024-09-03T05:28:57","slug":"iran-disisleri-bakanindan-irlandali-mevkidasina-gazzede-ateskesin-saglanmasi-icin-herkes-etkili-caba-gostermeli","status":"publish","type":"post","link":"https:\/\/archive.sana.sy\/tr\/?p=307743","title":{"rendered":"\u0130ran D\u0131\u015fi\u015fleri Bakan\u0131&#8217;ndan \u0130rlandal\u0131 Mevkida\u015f\u0131na: Gazze&#8217;de Ate\u015fkesin Sa\u011flanmas\u0131 \u0130\u00e7in Herkes Etkili \u00c7aba G\u00f6stermeli"},"content":{"rendered":"<p style=\"text-align: justify;\"><strong>TAHRAN (SANA) &#8211;<\/strong>\u00a0 \u0130ran D\u0131\u015fi\u015fleri Bakan\u0131 Abbas Erak\u00e7i, \u0130srail&#8217;in Gazze \u015eeridi&#8217;ne y\u00f6nelik sald\u0131rganl\u0131\u011f\u0131n\u0131n derhal durdurulmas\u0131 \u00e7a\u011fr\u0131s\u0131n\u0131 yineleyerek, \u00fclkesinin Filistin halk\u0131n\u0131n destekledi\u011fi her t\u00fcrl\u00fc anla\u015fmaya deste\u011fini ve onlar\u0131n bu konudaki direni\u015fini vurgulad\u0131.<\/p>\n<p style=\"text-align: justify;\">Erak\u00e7i, \u0130rlandal\u0131 mevkida\u015f\u0131 Michael Martin ile yapt\u0131\u011f\u0131 g\u00f6r\u00fc\u015fmede \u015funlar\u0131 s\u00f6yledi: &#8220;Gazze&#8217;de ate\u015fkesin sa\u011flanmas\u0131 i\u00e7in herkes acil ve etkili \u00e7aba g\u00f6stermeli.&#8221;<\/p>\n<p style=\"text-align: justify;\">\u0130ran D\u0131\u015fi\u015fleri Bakan\u0131 g\u00f6r\u00fc\u015fme s\u0131ras\u0131nda \u0130ran&#8217;\u0131n b\u00f6lgedeki gerilimi yat\u0131\u015ft\u0131rmak istedi\u011fini ancak Siyonist varl\u0131\u011f\u0131n gerilimi yaymak ve Bat\u0131 \u015eeria da dahil olmak \u00fczere \u015fiddeti di\u011fer b\u00f6lgelere ihra\u00e7 etmek i\u00e7in \u00e7al\u0131\u015ft\u0131\u011f\u0131n\u0131 de kaydetti.<\/p>\n<p style=\"text-align: justify;\">\u0130rlandal\u0131 Bakan ise \u00fclkesinin Gazze&#8217;de derhal ate\u015fkes sa\u011flanmas\u0131 arzusunu dile getirdi.<\/p>\n<p style=\"text-align: justify;\">\u0130ran&#8217;a uygulanan yapt\u0131r\u0131mlar\u0131n kald\u0131r\u0131lmas\u0131 ve Ukrayna&#8217;daki krize ili\u015fkin m\u00fczakereleri de ele alan iki taraf, siyasi isti\u015farelerin devam etti\u011fini vurgulad\u0131.<\/p>\n<p style=\"text-align: center;\"><strong><a href=\"https:\/\/t.me\/SuriyeArapHaberAjansI\">Telegram Kanal\u0131m\u0131z\u00a0<\/a>||<a href=\"https:\/\/twitter.com\/arap_ajans\">X Platformumuz\u00a0<\/a>||<a href=\"https:\/\/www.facebook.com\/SANAHaberAjansi\/\">Facebook Sayfam\u0131z<\/a><\/strong><\/p>\n","protected":false},"excerpt":{"rendered":"<p>TAHRAN (SANA) &#8211;\u00a0 \u0130ran D\u0131\u015fi\u015fleri Bakan\u0131 Abbas Erak\u00e7i, \u0130srail&#8217;in Gazze \u015eeridi&#8217;ne y\u00f6nelik sald\u0131rganl\u0131\u011f\u0131n\u0131n derhal durdurulmas\u0131 \u00e7a\u011fr\u0131s\u0131n\u0131 yineleyerek, \u00fclkesinin Filistin halk\u0131n\u0131n destekledi\u011fi her t\u00fcrl\u00fc anla\u015fmaya deste\u011fini ve onlar\u0131n bu konudaki direni\u015fini vurgulad\u0131. Erak\u00e7i, \u0130rlandal\u0131 mevkida\u015f\u0131 Michael Martin ile yapt\u0131\u011f\u0131 g\u00f6r\u00fc\u015fmede \u015funlar\u0131 s\u00f6yledi: &#8220;Gazze&#8217;de ate\u015fkesin sa\u011flanmas\u0131 i\u00e7in herkes acil ve etkili \u00e7aba g\u00f6stermeli.&#8221; \u0130ran D\u0131\u015fi\u015fleri Bakan\u0131 g\u00f6r\u00fc\u015fme &hellip;<\/p>\n","protected":false},"author":41,"featured_media":307744,"comment_status":"closed","ping_status":"closed","sticky":false,"template":"","format":"standard","meta":{"footnotes":""},"categories":[458,459,17988],"tags":[42269],"class_list":["post-307743","post","type-post","status-publish","format-standard","has-post-thumbnail","","category-dunya1","category-haberler-arap-uluslararasi-politika","category-son-haberler","tag-iran-disisleri-bakanindan-irlandali-mevkidasina-gazzede-ateskesin-saglanmasi-icin-herkes-etkili-caba-gostermeli"],"_links":{"self":[{"href":"https:\/\/archive.sana.sy\/tr\/index.php?rest_route=\/wp\/v2\/posts\/307743","targetHints":{"allow":["GET"]}}],"collection":[{"href":"https:\/\/archive.sana.sy\/tr\/index.php?rest_route=\/wp\/v2\/posts"}],"about":[{"href":"https:\/\/archive.sana.sy\/tr\/index.php?rest_route=\/wp\/v2\/types\/post"}],"author":[{"embeddable":true,"href":"https:\/\/archive.sana.sy\/tr\/index.php?rest_route=\/wp\/v2\/users\/41"}],"replies":[{"embeddable":true,"href":"https:\/\/archive.sana.sy\/tr\/index.php?rest_route=%2Fwp%2Fv2%2Fcomments&post=307743"}],"version-history":[{"count":1,"href":"https:\/\/archive.sana.sy\/tr\/index.php?rest_route=\/wp\/v2\/posts\/307743\/revisions"}],"predecessor-version":[{"id":307745,"href":"https:\/\/archive.sana.sy\/tr\/index.php?rest_route=\/wp\/v2\/posts\/307743\/revisions\/307745"}],"wp:featuredmedia":[{"embeddable":true,"href":"https:\/\/archive.sana.sy\/tr\/index.php?rest_route=\/wp\/v2\/media\/307744"}],"wp:attachment":[{"href":"https:\/\/archive.sana.sy\/tr\/index.php?rest_route=%2Fwp%2Fv2%2Fmedia&parent=307743"}],"wp:term":[{"taxonomy":"category","embeddable":true,"href":"https:\/\/archive.sana.sy\/tr\/index.php?rest_route=%2Fwp%2Fv2%2Fcategories&post=307743"},{"taxonomy":"post_tag","embeddable":true,"href":"https:\/\/archive.sana.sy\/tr\/index.php?rest_route=%2Fwp%2Fv2%2Ftags&post=307743"}],"curies":[{"name":"wp","href":"https:\/\/api.w.org\/{rel}","templated":true}]}}