{"id":307749,"date":"2024-09-03T11:45:50","date_gmt":"2024-09-03T08:45:50","guid":{"rendered":"https:\/\/sana.sy\/tr\/?p=307749"},"modified":"2024-09-04T12:15:13","modified_gmt":"2024-09-04T09:15:13","slug":"aksa-tufani-operasyonu-bugunun-en-one-cikan-gelismeleri-241","status":"publish","type":"post","link":"https:\/\/archive.sana.sy\/tr\/?p=307749","title":{"rendered":"Aksa Tufan\u0131 Operasyonu\u2026 Bug\u00fcn\u00fcn En \u00d6ne \u00c7\u0131kan Geli\u015fmeleri"},"content":{"rendered":"<p style=\"text-align: justify;\"><strong>\u0130\u015eGAL ED\u0130LEN KUD\u00dcS (SANA)<\/strong> \u2013 Filistin direni\u015finin i\u015fgalci \u0130srail\u2019in sald\u0131rganl\u0131\u011f\u0131na yan\u0131t olarak 7 Ekim\u2019de ba\u015flatt\u0131\u011f\u0131 Aksa Tufan\u0131 Operasyonu\u2019nda \u00f6ne \u00e7\u0131kan geli\u015fmeler:<\/p>\n<ul>\n<li style=\"text-align: justify;\"><span style=\"color: #0000ff;\"><a style=\"color: #0000ff;\" href=\"https:\/\/www.sana.sy\/tr\/?p=307753\">\u0130srail\u2019in Gazze \u015eeridi\u2019ne Y\u00f6nelik Devam Eden \u0130\u015fgal Sald\u0131rganl\u0131\u011f\u0131 Sonucu \u015eehitler Ve Yaral\u0131lar<\/a><\/span><\/li>\n<li style=\"text-align: justify;\">Filistin medyas\u0131: \u0130\u015fgal \u0130srail&#8217;in Gazze \u015fehrinin do\u011fusundaki El Zaytun mahallesinde bir grup Filistinliyi bombalamas\u0131 sonucu \u015fehitler ve yaral\u0131lar.<\/li>\n<li style=\"text-align: justify;\">Filistin medyas\u0131: \u0130\u015fgal \u0130srail&#8217;in, Gazze \u015eeridi&#8217;nin g\u00fcneyindeki Han Yunus&#8217;un kuzeybat\u0131s\u0131nda yerlerinden edilmi\u015f ki\u015filerin bar\u0131nd\u0131\u011f\u0131 bir \u00e7ad\u0131r\u0131 bombalamas\u0131 sonucu iki \u015fehit ve \u00e7ok say\u0131da yaral\u0131.<\/li>\n<\/ul>\n<p style=\"text-align: center;\"><strong><a href=\"https:\/\/t.me\/SuriyeArapHaberAjansI\">Telegram Kanal\u0131m\u0131z\u00a0<\/a>||<a href=\"https:\/\/twitter.com\/arap_ajans\">X Platformumuz\u00a0<\/a>||<a href=\"https:\/\/www.facebook.com\/SANAHaberAjansi\/\">Facebook Sayfam\u0131z<\/a><\/strong><\/p>\n","protected":false},"excerpt":{"rendered":"<p>\u0130\u015eGAL ED\u0130LEN KUD\u00dcS (SANA) \u2013 Filistin direni\u015finin i\u015fgalci \u0130srail\u2019in sald\u0131rganl\u0131\u011f\u0131na yan\u0131t olarak 7 Ekim\u2019de ba\u015flatt\u0131\u011f\u0131 Aksa Tufan\u0131 Operasyonu\u2019nda \u00f6ne \u00e7\u0131kan geli\u015fmeler: \u0130srail\u2019in Gazze \u015eeridi\u2019ne Y\u00f6nelik Devam Eden \u0130\u015fgal Sald\u0131rganl\u0131\u011f\u0131 Sonucu \u015eehitler Ve Yaral\u0131lar Filistin medyas\u0131: \u0130\u015fgal \u0130srail&#8217;in Gazze \u015fehrinin do\u011fusundaki El Zaytun mahallesinde bir grup Filistinliyi bombalamas\u0131 sonucu \u015fehitler ve yaral\u0131lar. Filistin medyas\u0131: \u0130\u015fgal \u0130srail&#8217;in, &hellip;<\/p>\n","protected":false},"author":39,"featured_media":307751,"comment_status":"closed","ping_status":"closed","sticky":false,"template":"","format":"standard","meta":{"footnotes":""},"categories":[458,459,17988],"tags":[],"class_list":["post-307749","post","type-post","status-publish","format-standard","has-post-thumbnail","","category-dunya1","category-haberler-arap-uluslararasi-politika","category-son-haberler"],"_links":{"self":[{"href":"https:\/\/archive.sana.sy\/tr\/index.php?rest_route=\/wp\/v2\/posts\/307749","targetHints":{"allow":["GET"]}}],"collection":[{"href":"https:\/\/archive.sana.sy\/tr\/index.php?rest_route=\/wp\/v2\/posts"}],"about":[{"href":"https:\/\/archive.sana.sy\/tr\/index.php?rest_route=\/wp\/v2\/types\/post"}],"author":[{"embeddable":true,"href":"https:\/\/archive.sana.sy\/tr\/index.php?rest_route=\/wp\/v2\/users\/39"}],"replies":[{"embeddable":true,"href":"https:\/\/archive.sana.sy\/tr\/index.php?rest_route=%2Fwp%2Fv2%2Fcomments&post=307749"}],"version-history":[{"count":3,"href":"https:\/\/archive.sana.sy\/tr\/index.php?rest_route=\/wp\/v2\/posts\/307749\/revisions"}],"predecessor-version":[{"id":307757,"href":"https:\/\/archive.sana.sy\/tr\/index.php?rest_route=\/wp\/v2\/posts\/307749\/revisions\/307757"}],"wp:featuredmedia":[{"embeddable":true,"href":"https:\/\/archive.sana.sy\/tr\/index.php?rest_route=\/wp\/v2\/media\/307751"}],"wp:attachment":[{"href":"https:\/\/archive.sana.sy\/tr\/index.php?rest_route=%2Fwp%2Fv2%2Fmedia&parent=307749"}],"wp:term":[{"taxonomy":"category","embeddable":true,"href":"https:\/\/archive.sana.sy\/tr\/index.php?rest_route=%2Fwp%2Fv2%2Fcategories&post=307749"},{"taxonomy":"post_tag","embeddable":true,"href":"https:\/\/archive.sana.sy\/tr\/index.php?rest_route=%2Fwp%2Fv2%2Ftags&post=307749"}],"curies":[{"name":"wp","href":"https:\/\/api.w.org\/{rel}","templated":true}]}}