{"id":307753,"date":"2024-09-03T11:57:22","date_gmt":"2024-09-03T08:57:22","guid":{"rendered":"https:\/\/sana.sy\/tr\/?p=307753"},"modified":"2024-09-06T09:07:36","modified_gmt":"2024-09-06T06:07:36","slug":"israilin-gazze-seridine-yonelik-devam-eden-isgal-saldirganligi-sonucu-sehitler-ve-yaralilar","status":"publish","type":"post","link":"https:\/\/archive.sana.sy\/tr\/?p=307753","title":{"rendered":"\u0130srail&#8217;in Gazze \u015eeridi&#8217;ne Y\u00f6nelik Devam Eden \u0130\u015fgal Sald\u0131rganl\u0131\u011f\u0131 Sonucu \u015eehitler Ve Yaral\u0131lar"},"content":{"rendered":"<p style=\"text-align: justify;\"><strong>\u0130\u015eGAL ED\u0130LEN KUD\u00dcS (SANA)<\/strong> \u2013 \u0130\u015fgalci \u0130srail\u2019in Gazze \u015eeridi&#8217;nde birka\u00e7 b\u00f6lgeyi bombalamas\u0131 sonucu bug\u00fcn \u00e7ok say\u0131da Filistinli \u015fehit d\u00fc\u015ft\u00fc ve yaraland\u0131.<\/p>\n<p style=\"text-align: justify;\">WAFA Haber Ajans\u0131, i\u015fgal u\u00e7aklar\u0131n\u0131n Gazze \u015eeridi&#8217;nin g\u00fcneyindeki Han Yunus&#8217;ta yerinden edilmi\u015f ki\u015filerin ya\u015fad\u0131\u011f\u0131 bir \u00e7ad\u0131r\u0131 bombalad\u0131\u011f\u0131n\u0131, iki Filistinlinin \u015fehit d\u00fc\u015ft\u00fc\u011f\u00fcn\u00fc ve di\u011ferlerinin de yaraland\u0131\u011f\u0131n\u0131, Gazze \u015eeridi&#8217;nin merkezindeki Bureyic ve Nuseyrat kamplar\u0131ndaki evleri de bombalad\u0131\u011f\u0131n\u0131 kaydetti.<\/p>\n<p style=\"text-align: justify;\">\u0130\u015fgal g\u00fc\u00e7leri ayr\u0131ca, Gazze \u015eehri&#8217;nin El Zaytun mahallesinin g\u00fcneyindeki konut binalar\u0131n\u0131 havaya u\u00e7urdu ve sava\u015f gemileri \u015fehrin kuzeybat\u0131s\u0131ndaki plajlar\u0131 hedef ald\u0131.<\/p>\n<p style=\"text-align: center;\"><strong><a href=\"https:\/\/t.me\/SuriyeArapHaberAjansI\">Telegram Kanal\u0131m\u0131z\u00a0<\/a>||<a href=\"https:\/\/twitter.com\/arap_ajans\">X Platformumuz\u00a0<\/a>||<a href=\"https:\/\/www.facebook.com\/SANAHaberAjansi\/\">Facebook Sayfam\u0131z<\/a><\/strong><\/p>\n","protected":false},"excerpt":{"rendered":"<p>\u0130\u015eGAL ED\u0130LEN KUD\u00dcS (SANA) \u2013 \u0130\u015fgalci \u0130srail\u2019in Gazze \u015eeridi&#8217;nde birka\u00e7 b\u00f6lgeyi bombalamas\u0131 sonucu bug\u00fcn \u00e7ok say\u0131da Filistinli \u015fehit d\u00fc\u015ft\u00fc ve yaraland\u0131. WAFA Haber Ajans\u0131, i\u015fgal u\u00e7aklar\u0131n\u0131n Gazze \u015eeridi&#8217;nin g\u00fcneyindeki Han Yunus&#8217;ta yerinden edilmi\u015f ki\u015filerin ya\u015fad\u0131\u011f\u0131 bir \u00e7ad\u0131r\u0131 bombalad\u0131\u011f\u0131n\u0131, iki Filistinlinin \u015fehit d\u00fc\u015ft\u00fc\u011f\u00fcn\u00fc ve di\u011ferlerinin de yaraland\u0131\u011f\u0131n\u0131, Gazze \u015eeridi&#8217;nin merkezindeki Bureyic ve Nuseyrat kamplar\u0131ndaki evleri de &hellip;<\/p>\n","protected":false},"author":39,"featured_media":307754,"comment_status":"closed","ping_status":"closed","sticky":false,"template":"","format":"standard","meta":{"footnotes":""},"categories":[458,459,17988],"tags":[],"class_list":["post-307753","post","type-post","status-publish","format-standard","has-post-thumbnail","","category-dunya1","category-haberler-arap-uluslararasi-politika","category-son-haberler"],"_links":{"self":[{"href":"https:\/\/archive.sana.sy\/tr\/index.php?rest_route=\/wp\/v2\/posts\/307753","targetHints":{"allow":["GET"]}}],"collection":[{"href":"https:\/\/archive.sana.sy\/tr\/index.php?rest_route=\/wp\/v2\/posts"}],"about":[{"href":"https:\/\/archive.sana.sy\/tr\/index.php?rest_route=\/wp\/v2\/types\/post"}],"author":[{"embeddable":true,"href":"https:\/\/archive.sana.sy\/tr\/index.php?rest_route=\/wp\/v2\/users\/39"}],"replies":[{"embeddable":true,"href":"https:\/\/archive.sana.sy\/tr\/index.php?rest_route=%2Fwp%2Fv2%2Fcomments&post=307753"}],"version-history":[{"count":3,"href":"https:\/\/archive.sana.sy\/tr\/index.php?rest_route=\/wp\/v2\/posts\/307753\/revisions"}],"predecessor-version":[{"id":307759,"href":"https:\/\/archive.sana.sy\/tr\/index.php?rest_route=\/wp\/v2\/posts\/307753\/revisions\/307759"}],"wp:featuredmedia":[{"embeddable":true,"href":"https:\/\/archive.sana.sy\/tr\/index.php?rest_route=\/wp\/v2\/media\/307754"}],"wp:attachment":[{"href":"https:\/\/archive.sana.sy\/tr\/index.php?rest_route=%2Fwp%2Fv2%2Fmedia&parent=307753"}],"wp:term":[{"taxonomy":"category","embeddable":true,"href":"https:\/\/archive.sana.sy\/tr\/index.php?rest_route=%2Fwp%2Fv2%2Fcategories&post=307753"},{"taxonomy":"post_tag","embeddable":true,"href":"https:\/\/archive.sana.sy\/tr\/index.php?rest_route=%2Fwp%2Fv2%2Ftags&post=307753"}],"curies":[{"name":"wp","href":"https:\/\/api.w.org\/{rel}","templated":true}]}}