{"id":307760,"date":"2024-09-03T15:46:07","date_gmt":"2024-09-03T12:46:07","guid":{"rendered":"https:\/\/sana.sy\/tr\/?p=307760"},"modified":"2024-09-06T09:07:36","modified_gmt":"2024-09-06T06:07:36","slug":"filistin-sagligi-soykirim-savasinin-baslangicindan-bu-yana-bati-seriada-682-sehit-ve-5-bin-700-yarali","status":"publish","type":"post","link":"https:\/\/archive.sana.sy\/tr\/?p=307760","title":{"rendered":"Filistin Sa\u011fl\u0131\u011f\u0131: Soyk\u0131r\u0131m Sava\u015f\u0131n\u0131n Ba\u015flang\u0131c\u0131ndan Bu Yana Bat\u0131 \u015eeria&#8217;da 682 \u015eehit Ve 5 Bin 700 Yaral\u0131"},"content":{"rendered":"<p style=\"text-align: justify;\"><strong>\u0130\u015eGAL ED\u0130LEN KUD\u00dcS (SANA) &#8211;<\/strong> \u00a0Filistin Sa\u011fl\u0131k Bakanl\u0131\u011f\u0131, \u0130\u015fgalci \u0130srail\u2019in Gazze \u015eeridi&#8217;nde soyk\u0131r\u0131m sava\u015f\u0131na ba\u015flad\u0131\u011f\u0131 7 Ekim&#8217;den bu yana Bat\u0131 \u015eeria&#8217;da 682 Filistinlinin \u015fehit oldu\u011funu, 5 bin 700 Filistinlinin de yaraland\u0131\u011f\u0131n\u0131 duyurdu.<\/p>\n<p style=\"text-align: justify;\">Bakanl\u0131k bug\u00fcn yapt\u0131\u011f\u0131 a\u00e7\u0131klamada \u015funlar\u0131 s\u00f6yledi: \u2018\u2019\u0130\u015fgalin ge\u00e7ti\u011fimiz ay\u0131n 28&#8217;inden bu yana Bat\u0131 \u015eeria&#8217;n\u0131n bir\u00e7ok \u015fehrine y\u00f6nelik sald\u0131r\u0131lar\u0131 sonucunda Bat\u0131 \u015eeria&#8217;da 6&#8217;s\u0131 \u00e7ocuk 30 Filistinli \u015fehit oldu, 130 ki\u015fi de yaraland\u0131. Cenin&#8217;de \u015fehit sey\u0131s\u0131, Tubas&#8217;ta 4, Tulkarm&#8217;da 5, El Halil&#8217;de 3 \u015fehit olmak \u00fczere 18 \u015fehide y\u00fckseldi. Bu, soyk\u0131r\u0131m sava\u015f\u0131n\u0131n ba\u015flang\u0131c\u0131ndan bu yana i\u015fgalin Bat\u0131 \u015eeria&#8217;daki sald\u0131r\u0131lar\u0131nda \u015fehit d\u00fc\u015fenlerin say\u0131s\u0131n\u0131 682 \u015fehit ve yaral\u0131lar\u0131n say\u0131s\u0131n\u0131 5.700 yaral\u0131ya y\u00fckseltiyor.\u2019\u2019<\/p>\n<p style=\"text-align: justify;\">Gazze \u015eeridi&#8217;ndeki imha sava\u015f\u0131 40.786 Filistinlinin \u015fehit d\u00fc\u015fmesi, 94.224 Filistinlinin yaralanmas\u0131yla sonu\u00e7land\u0131.<\/p>\n<p style=\"text-align: center;\"><strong><a href=\"https:\/\/t.me\/SuriyeArapHaberAjansI\">Telegram Kanal\u0131m\u0131z\u00a0<\/a>||<a href=\"https:\/\/twitter.com\/arap_ajans\">X Platformumuz\u00a0<\/a>||<a href=\"https:\/\/www.facebook.com\/SANAHaberAjansi\/\">Facebook Sayfam\u0131z<\/a><\/strong><\/p>\n","protected":false},"excerpt":{"rendered":"<p>\u0130\u015eGAL ED\u0130LEN KUD\u00dcS (SANA) &#8211; \u00a0Filistin Sa\u011fl\u0131k Bakanl\u0131\u011f\u0131, \u0130\u015fgalci \u0130srail\u2019in Gazze \u015eeridi&#8217;nde soyk\u0131r\u0131m sava\u015f\u0131na ba\u015flad\u0131\u011f\u0131 7 Ekim&#8217;den bu yana Bat\u0131 \u015eeria&#8217;da 682 Filistinlinin \u015fehit oldu\u011funu, 5 bin 700 Filistinlinin de yaraland\u0131\u011f\u0131n\u0131 duyurdu. Bakanl\u0131k bug\u00fcn yapt\u0131\u011f\u0131 a\u00e7\u0131klamada \u015funlar\u0131 s\u00f6yledi: \u2018\u2019\u0130\u015fgalin ge\u00e7ti\u011fimiz ay\u0131n 28&#8217;inden bu yana Bat\u0131 \u015eeria&#8217;n\u0131n bir\u00e7ok \u015fehrine y\u00f6nelik sald\u0131r\u0131lar\u0131 sonucunda Bat\u0131 \u015eeria&#8217;da 6&#8217;s\u0131 \u00e7ocuk &hellip;<\/p>\n","protected":false},"author":41,"featured_media":307761,"comment_status":"closed","ping_status":"closed","sticky":false,"template":"","format":"standard","meta":{"footnotes":""},"categories":[458,459,17988],"tags":[42270],"class_list":["post-307760","post","type-post","status-publish","format-standard","has-post-thumbnail","","category-dunya1","category-haberler-arap-uluslararasi-politika","category-son-haberler","tag-filistin-sagligi-soykirim-savasinin-baslangicindan-bu-yana-bati-seriada-682-sehit-ve-5-bin-700-yarali"],"_links":{"self":[{"href":"https:\/\/archive.sana.sy\/tr\/index.php?rest_route=\/wp\/v2\/posts\/307760","targetHints":{"allow":["GET"]}}],"collection":[{"href":"https:\/\/archive.sana.sy\/tr\/index.php?rest_route=\/wp\/v2\/posts"}],"about":[{"href":"https:\/\/archive.sana.sy\/tr\/index.php?rest_route=\/wp\/v2\/types\/post"}],"author":[{"embeddable":true,"href":"https:\/\/archive.sana.sy\/tr\/index.php?rest_route=\/wp\/v2\/users\/41"}],"replies":[{"embeddable":true,"href":"https:\/\/archive.sana.sy\/tr\/index.php?rest_route=%2Fwp%2Fv2%2Fcomments&post=307760"}],"version-history":[{"count":1,"href":"https:\/\/archive.sana.sy\/tr\/index.php?rest_route=\/wp\/v2\/posts\/307760\/revisions"}],"predecessor-version":[{"id":307762,"href":"https:\/\/archive.sana.sy\/tr\/index.php?rest_route=\/wp\/v2\/posts\/307760\/revisions\/307762"}],"wp:featuredmedia":[{"embeddable":true,"href":"https:\/\/archive.sana.sy\/tr\/index.php?rest_route=\/wp\/v2\/media\/307761"}],"wp:attachment":[{"href":"https:\/\/archive.sana.sy\/tr\/index.php?rest_route=%2Fwp%2Fv2%2Fmedia&parent=307760"}],"wp:term":[{"taxonomy":"category","embeddable":true,"href":"https:\/\/archive.sana.sy\/tr\/index.php?rest_route=%2Fwp%2Fv2%2Fcategories&post=307760"},{"taxonomy":"post_tag","embeddable":true,"href":"https:\/\/archive.sana.sy\/tr\/index.php?rest_route=%2Fwp%2Fv2%2Ftags&post=307760"}],"curies":[{"name":"wp","href":"https:\/\/api.w.org\/{rel}","templated":true}]}}