{"id":307770,"date":"2024-09-03T16:27:40","date_gmt":"2024-09-03T13:27:40","guid":{"rendered":"https:\/\/sana.sy\/tr\/?p=307770"},"modified":"2024-09-05T14:37:13","modified_gmt":"2024-09-05T11:37:13","slug":"suriye-batili-ulkelerin-rusya-federasyonunun-mali-varliklarina-el-koyma-girisimlerini-siddetle-kinadi","status":"publish","type":"post","link":"https:\/\/archive.sana.sy\/tr\/?p=307770","title":{"rendered":"Suriye, Bat\u0131l\u0131 \u00dclkelerin Rusya Federasyonu&#8217;nun Mali Varl\u0131klar\u0131na El Koyma Giri\u015fimlerini \u015eiddetle K\u0131nad\u0131"},"content":{"rendered":"<p style=\"text-align: justify;\"><strong>\u015eAM (SANA)<\/strong> &#8211; \u00a0Suriye, Bat\u0131l\u0131 \u00fclkelerin Rusya Federasyonu&#8217;nun mali varl\u0131klar\u0131na el koyma giri\u015fimlerini g\u00fc\u00e7l\u00fc bir \u015fekilde k\u0131nad\u0131 ve bunlar\u0131n uluslararas\u0131 hukukun temel ilke ve kurallar\u0131n\u0131n a\u00e7\u0131k bir ihlali oldu\u011funu vurgulad\u0131.<\/p>\n<p style=\"text-align: justify;\">D\u0131\u015fi\u015fleri ve Gurbet\u00e7iler Bakanl\u0131\u011f\u0131&#8217;ndan bug\u00fcn bir kopyas\u0131 SANA&#8217;ya ula\u015fan a\u00e7\u0131klamada \u015fu ifadelere yer verildi: \u201cSuriye Arap Cumhuriyeti, uluslararas\u0131 hukukun temel ilke ve kurallar\u0131n\u0131n a\u00e7\u0131k bir ihlali anlam\u0131na gelen, Rusya Federasyonu&#8217;nun mali varl\u0131klar\u0131na el koyma giri\u015fimlerini \u015fiddetle k\u0131n\u0131yor. Bu, Bat\u0131&#8217;n\u0131n Birle\u015fmi\u015f Milletler T\u00fcz\u00fc\u011f\u00fc&#8217;ne ve \u00fclkelerin \u00e7\u0131karlar\u0131na kar\u015f\u0131l\u0131kl\u0131 sayg\u0131 g\u00f6sterilmesi y\u00f6n\u00fcndeki iddialar\u0131n\u0131n yanl\u0131\u015fl\u0131\u011f\u0131n\u0131 ortaya koyan a\u00e7\u0131k bir kamu h\u0131rs\u0131zl\u0131\u011f\u0131ndan ba\u015fka bir \u015fey de\u011fildir.&#8221;<\/p>\n<p style=\"text-align: justify;\">Bakanl\u0131k a\u00e7\u0131klamas\u0131nda ayr\u0131ca, \u00a0\u2018\u2019Suriye, Bat\u0131l\u0131 \u00fclkelerin ba\u011f\u0131ms\u0131z \u00fclkelerin egemen varl\u0131klar\u0131na el koymaya y\u00f6nelik bu pervas\u0131z davran\u0131\u015f\u0131n\u0131n k\u00fcresel finans sistemi \u00fczerinde y\u0131k\u0131c\u0131 sonu\u00e7lara yol a\u00e7aca\u011f\u0131na dikkat \u00e7ekiyor\u2019\u2019 ifadelerini kulland\u0131.<\/p>\n<p style=\"text-align: justify;\">Bakanl\u0131k a\u00e7\u0131klamas\u0131na \u015f\u00f6yle devam etti: \u2018\u2019Suriye, bu t\u00fcr \u00f6nlemlerin al\u0131nmas\u0131n\u0131n Bat\u0131l\u0131 \u00fclkelerin m\u00fclkiyet haklar\u0131na sayg\u0131y\u0131 ve devletin dokunulmazl\u0131\u011f\u0131 ilkesini nihayet terk etti\u011fi anlam\u0131na geldi\u011fini belirtiyor ve \u00a0K\u00fcresel krizlere yol a\u00e7abilecek, g\u00fcvensizli\u011fe ve sorunlar\u0131n b\u00fcy\u00fcmesine yol a\u00e7an bu politikalar\u0131n uygulanmas\u0131ndan \u00fcz\u00fcnt\u00fc duyuyor.\u2019\u2019<\/p>\n<p style=\"text-align: center;\"><strong><a href=\"https:\/\/t.me\/SuriyeArapHaberAjansI\">Telegram Kanal\u0131m\u0131z\u00a0<\/a>||<a href=\"https:\/\/twitter.com\/arap_ajans\">X Platformumuz\u00a0<\/a>||<a href=\"https:\/\/www.facebook.com\/SANAHaberAjansi\/\">Facebook Sayfam\u0131z<\/a><\/strong><\/p>\n","protected":false},"excerpt":{"rendered":"<p>\u015eAM (SANA) &#8211; \u00a0Suriye, Bat\u0131l\u0131 \u00fclkelerin Rusya Federasyonu&#8217;nun mali varl\u0131klar\u0131na el koyma giri\u015fimlerini g\u00fc\u00e7l\u00fc bir \u015fekilde k\u0131nad\u0131 ve bunlar\u0131n uluslararas\u0131 hukukun temel ilke ve kurallar\u0131n\u0131n a\u00e7\u0131k bir ihlali oldu\u011funu vurgulad\u0131. D\u0131\u015fi\u015fleri ve Gurbet\u00e7iler Bakanl\u0131\u011f\u0131&#8217;ndan bug\u00fcn bir kopyas\u0131 SANA&#8217;ya ula\u015fan a\u00e7\u0131klamada \u015fu ifadelere yer verildi: \u201cSuriye Arap Cumhuriyeti, uluslararas\u0131 hukukun temel ilke ve kurallar\u0131n\u0131n a\u00e7\u0131k bir &hellip;<\/p>\n","protected":false},"author":41,"featured_media":307771,"comment_status":"closed","ping_status":"closed","sticky":false,"template":"","format":"standard","meta":{"footnotes":""},"categories":[479,17988,478],"tags":[42273,16591],"class_list":["post-307770","post","type-post","status-publish","format-standard","has-post-thumbnail","","category-haberler-yerel","category-son-haberler","category-yerel","tag-batili-ulkelerin-rusya-federasyonunun-mali-varliklarina-el-koyma-girisimlerini-siddetle-kinadi","tag-suriye"],"_links":{"self":[{"href":"https:\/\/archive.sana.sy\/tr\/index.php?rest_route=\/wp\/v2\/posts\/307770","targetHints":{"allow":["GET"]}}],"collection":[{"href":"https:\/\/archive.sana.sy\/tr\/index.php?rest_route=\/wp\/v2\/posts"}],"about":[{"href":"https:\/\/archive.sana.sy\/tr\/index.php?rest_route=\/wp\/v2\/types\/post"}],"author":[{"embeddable":true,"href":"https:\/\/archive.sana.sy\/tr\/index.php?rest_route=\/wp\/v2\/users\/41"}],"replies":[{"embeddable":true,"href":"https:\/\/archive.sana.sy\/tr\/index.php?rest_route=%2Fwp%2Fv2%2Fcomments&post=307770"}],"version-history":[{"count":1,"href":"https:\/\/archive.sana.sy\/tr\/index.php?rest_route=\/wp\/v2\/posts\/307770\/revisions"}],"predecessor-version":[{"id":307772,"href":"https:\/\/archive.sana.sy\/tr\/index.php?rest_route=\/wp\/v2\/posts\/307770\/revisions\/307772"}],"wp:featuredmedia":[{"embeddable":true,"href":"https:\/\/archive.sana.sy\/tr\/index.php?rest_route=\/wp\/v2\/media\/307771"}],"wp:attachment":[{"href":"https:\/\/archive.sana.sy\/tr\/index.php?rest_route=%2Fwp%2Fv2%2Fmedia&parent=307770"}],"wp:term":[{"taxonomy":"category","embeddable":true,"href":"https:\/\/archive.sana.sy\/tr\/index.php?rest_route=%2Fwp%2Fv2%2Fcategories&post=307770"},{"taxonomy":"post_tag","embeddable":true,"href":"https:\/\/archive.sana.sy\/tr\/index.php?rest_route=%2Fwp%2Fv2%2Ftags&post=307770"}],"curies":[{"name":"wp","href":"https:\/\/api.w.org\/{rel}","templated":true}]}}