{"id":307773,"date":"2024-09-03T08:08:51","date_gmt":"2024-09-03T05:08:51","guid":{"rendered":"https:\/\/sana.sy\/tr\/?p=307773"},"modified":"2024-09-06T09:03:59","modified_gmt":"2024-09-06T06:03:59","slug":"ceninin-batisinda-isgal-kursunlari-sonucu-bir-kiz-cocugu-sehit-dustu-3-genc-de-yaralandi","status":"publish","type":"post","link":"https:\/\/archive.sana.sy\/tr\/?p=307773","title":{"rendered":"Cenin&#8217;in Bat\u0131s\u0131nda \u0130\u015fgal Kur\u015funlar\u0131 Sonucu Bir K\u0131z \u00c7ocu\u011fu \u015eehit d\u00fc\u015ft\u00fc, 3 Gen\u00e7 De Yaraland\u0131"},"content":{"rendered":"<p style=\"text-align: justify;\"><strong>\u0130\u015eGAL ED\u0130LEN KUD\u00dcS (SANA)<\/strong> &#8211;\u00a0 Bug\u00fcn Bat\u0131 \u015eeria&#8217;n\u0131n Cenin kentinin bat\u0131s\u0131ndaki Kefir Dan kasabas\u0131nda \u0130srail i\u015fgal g\u00fc\u00e7lerinin a\u00e7t\u0131\u011f\u0131 ate\u015f sonucu bir k\u0131z \u00e7ocu\u011fu \u015fehit oldu, \u00fc\u00e7 gen\u00e7 de yaraland\u0131.<\/p>\n<p style=\"text-align: justify;\">Wafa Ajans\u0131, i\u015fgal g\u00fc\u00e7lerinin kasabay\u0131 bas\u0131p bir evi ku\u015fatt\u0131\u011f\u0131n\u0131 ve Filistinlilere kur\u015fun s\u0131karak sald\u0131rd\u0131\u011f\u0131n\u0131, bunun sonucunda 16 ya\u015f\u0131ndaki bir k\u0131z\u0131n \u015fehit d\u00fc\u015fmesine, bir gencin de yaralanmas\u0131na yol a\u00e7t\u0131\u011f\u0131n\u0131 bildirdi.<\/p>\n<p style=\"text-align: justify;\">\u0130\u015fgal g\u00fc\u00e7leri k\u00f6yde gazetecilerin arabas\u0131na ate\u015f a\u00e7arak Wafa Ajans\u0131 foto\u011fraf\u00e7\u0131lar\u0131n\u0131 yaralad\u0131.<\/p>\n<p style=\"text-align: justify;\">\u00c7ocu\u011fun \u015fehit olmas\u0131yla birlikte, \u0130srail&#8217;in ge\u00e7ti\u011fimiz \u00e7ar\u015famba g\u00fcn\u00fc Cenin kentine y\u00f6nelik sald\u0131r\u0131s\u0131n\u0131n ba\u015flamas\u0131ndan bu yana \u015fehit olanlar\u0131n say\u0131s\u0131 19&#8217;a y\u00fckseldi.<\/p>\n<p style=\"text-align: center;\"><strong><a href=\"https:\/\/t.me\/SuriyeArapHaberAjansI\">Telegram Kanal\u0131m\u0131z\u00a0<\/a>||<a href=\"https:\/\/twitter.com\/arap_ajans\">X Platformumuz\u00a0<\/a>||<a href=\"https:\/\/www.facebook.com\/SANAHaberAjansi\/\">Facebook Sayfam\u0131z<\/a><\/strong><\/p>\n","protected":false},"excerpt":{"rendered":"<p>\u0130\u015eGAL ED\u0130LEN KUD\u00dcS (SANA) &#8211;\u00a0 Bug\u00fcn Bat\u0131 \u015eeria&#8217;n\u0131n Cenin kentinin bat\u0131s\u0131ndaki Kefir Dan kasabas\u0131nda \u0130srail i\u015fgal g\u00fc\u00e7lerinin a\u00e7t\u0131\u011f\u0131 ate\u015f sonucu bir k\u0131z \u00e7ocu\u011fu \u015fehit oldu, \u00fc\u00e7 gen\u00e7 de yaraland\u0131. Wafa Ajans\u0131, i\u015fgal g\u00fc\u00e7lerinin kasabay\u0131 bas\u0131p bir evi ku\u015fatt\u0131\u011f\u0131n\u0131 ve Filistinlilere kur\u015fun s\u0131karak sald\u0131rd\u0131\u011f\u0131n\u0131, bunun sonucunda 16 ya\u015f\u0131ndaki bir k\u0131z\u0131n \u015fehit d\u00fc\u015fmesine, bir gencin de yaralanmas\u0131na &hellip;<\/p>\n","protected":false},"author":41,"featured_media":307774,"comment_status":"closed","ping_status":"closed","sticky":false,"template":"","format":"standard","meta":{"footnotes":""},"categories":[458,459,17988],"tags":[42275,42274],"class_list":["post-307773","post","type-post","status-publish","format-standard","has-post-thumbnail","","category-dunya1","category-haberler-arap-uluslararasi-politika","category-son-haberler","tag-3-genc-de-yaralandi","tag-ceninin-batisinda-isgal-kursunlari-sonucu-bir-kiz-cocugu-sehit-dustu"],"_links":{"self":[{"href":"https:\/\/archive.sana.sy\/tr\/index.php?rest_route=\/wp\/v2\/posts\/307773","targetHints":{"allow":["GET"]}}],"collection":[{"href":"https:\/\/archive.sana.sy\/tr\/index.php?rest_route=\/wp\/v2\/posts"}],"about":[{"href":"https:\/\/archive.sana.sy\/tr\/index.php?rest_route=\/wp\/v2\/types\/post"}],"author":[{"embeddable":true,"href":"https:\/\/archive.sana.sy\/tr\/index.php?rest_route=\/wp\/v2\/users\/41"}],"replies":[{"embeddable":true,"href":"https:\/\/archive.sana.sy\/tr\/index.php?rest_route=%2Fwp%2Fv2%2Fcomments&post=307773"}],"version-history":[{"count":1,"href":"https:\/\/archive.sana.sy\/tr\/index.php?rest_route=\/wp\/v2\/posts\/307773\/revisions"}],"predecessor-version":[{"id":307775,"href":"https:\/\/archive.sana.sy\/tr\/index.php?rest_route=\/wp\/v2\/posts\/307773\/revisions\/307775"}],"wp:featuredmedia":[{"embeddable":true,"href":"https:\/\/archive.sana.sy\/tr\/index.php?rest_route=\/wp\/v2\/media\/307774"}],"wp:attachment":[{"href":"https:\/\/archive.sana.sy\/tr\/index.php?rest_route=%2Fwp%2Fv2%2Fmedia&parent=307773"}],"wp:term":[{"taxonomy":"category","embeddable":true,"href":"https:\/\/archive.sana.sy\/tr\/index.php?rest_route=%2Fwp%2Fv2%2Fcategories&post=307773"},{"taxonomy":"post_tag","embeddable":true,"href":"https:\/\/archive.sana.sy\/tr\/index.php?rest_route=%2Fwp%2Fv2%2Ftags&post=307773"}],"curies":[{"name":"wp","href":"https:\/\/api.w.org\/{rel}","templated":true}]}}