{"id":307782,"date":"2024-09-04T10:54:16","date_gmt":"2024-09-04T07:54:16","guid":{"rendered":"https:\/\/sana.sy\/tr\/?p=307782"},"modified":"2024-09-06T09:07:36","modified_gmt":"2024-09-06T06:07:36","slug":"saldirganliginin-334uncu-gununde-isgalci-israilin-gazze-seridinde-farkli-bolgeye-bombardimaninda-sehitler-ve-yaralilar","status":"publish","type":"post","link":"https:\/\/archive.sana.sy\/tr\/?p=307782","title":{"rendered":"Sald\u0131rganl\u0131\u011f\u0131n\u0131n 334\u2019\u00fcnc\u00fc G\u00fcn\u00fcnde&#8230; \u0130\u015fgalci \u0130srail\u2019in Gazze \u015eeridi\u2019nde Farkl\u0131 B\u00f6lgeye Bombard\u0131man\u0131nda \u015eehitler Ve Yaral\u0131lar"},"content":{"rendered":"<p style=\"text-align: justify;\"><strong>\u0130\u015eGAL ED\u0130LEN K\u00dcD\u00dcS (SANA) \u2013<\/strong> \u0130\u015fgalci \u0130srail&#8217;in, Gazze \u015eeridi&#8217;nde birka\u00e7 b\u00f6lgeyi bombalamas\u0131 sonucu birka\u00e7 Filistinli \u015fehit d\u00fc\u015ft\u00fc ve yaraland\u0131.<\/p>\n<p style=\"text-align: justify;\">WAFA Haber Ajans\u0131, \u0130srail \u0130\u015fgal g\u00fc\u00e7lerinin , Gazze kentinin El Derec mahallesindeki bir evi bombard\u0131man\u0131 sonucu bir filistinlinin \u015fehit d\u00fc\u015ft\u00fc\u011f\u00fcn\u00fc ve de\u011firlerin de yaraland\u0131\u011f\u0131n\u0131 belirtti.<\/p>\n<p style=\"text-align: justify;\">Gazze kentinde yerinden edilen ki\u015filerin bar\u0131nd\u0131\u011f\u0131 \u00e7ad\u0131rlar\u0131n i\u015fgalci taraf\u0131ndan bombalanmas\u0131 sonucu 4 filistinli de yaraland\u0131. \u0130\u015fgalci ayr\u0131ca, Gazze\u2019nin g\u00fcneydo\u011fusundaki El Zeytun mahallesinde konut binalar\u0131n\u0131 havaya u\u00e7urdu.<\/p>\n<p>Filistinli Sivil Savunma, ekiplerinin El Zeytun mahallesindeki Safad Okulu binas\u0131n\u0131n enkaz\u0131 alt\u0131ndan iki \u015fehidin naa\u015f\u0131n\u0131 \u00e7\u0131kard\u0131\u011f\u0131n\u0131 duyurdu.<\/p>\n<p style=\"text-align: center;\"><strong><a href=\"https:\/\/t.me\/SuriyeArapHaberAjansI\">Telegram Kanal\u0131m\u0131z\u00a0<\/a>||<a href=\"https:\/\/twitter.com\/arap_ajans\">X Platformumuz\u00a0<\/a>||<a href=\"https:\/\/www.facebook.com\/SANAHaberAjansi\/\">Facebook Sayfam\u0131z<\/a><\/strong><\/p>\n","protected":false},"excerpt":{"rendered":"<p>\u0130\u015eGAL ED\u0130LEN K\u00dcD\u00dcS (SANA) \u2013 \u0130\u015fgalci \u0130srail&#8217;in, Gazze \u015eeridi&#8217;nde birka\u00e7 b\u00f6lgeyi bombalamas\u0131 sonucu birka\u00e7 Filistinli \u015fehit d\u00fc\u015ft\u00fc ve yaraland\u0131. WAFA Haber Ajans\u0131, \u0130srail \u0130\u015fgal g\u00fc\u00e7lerinin , Gazze kentinin El Derec mahallesindeki bir evi bombard\u0131man\u0131 sonucu bir filistinlinin \u015fehit d\u00fc\u015ft\u00fc\u011f\u00fcn\u00fc ve de\u011firlerin de yaraland\u0131\u011f\u0131n\u0131 belirtti. Gazze kentinde yerinden edilen ki\u015filerin bar\u0131nd\u0131\u011f\u0131 \u00e7ad\u0131rlar\u0131n i\u015fgalci taraf\u0131ndan bombalanmas\u0131 sonucu &hellip;<\/p>\n","protected":false},"author":39,"featured_media":307790,"comment_status":"closed","ping_status":"closed","sticky":false,"template":"","format":"standard","meta":{"footnotes":""},"categories":[458,459,17988],"tags":[],"class_list":["post-307782","post","type-post","status-publish","format-standard","has-post-thumbnail","","category-dunya1","category-haberler-arap-uluslararasi-politika","category-son-haberler"],"_links":{"self":[{"href":"https:\/\/archive.sana.sy\/tr\/index.php?rest_route=\/wp\/v2\/posts\/307782","targetHints":{"allow":["GET"]}}],"collection":[{"href":"https:\/\/archive.sana.sy\/tr\/index.php?rest_route=\/wp\/v2\/posts"}],"about":[{"href":"https:\/\/archive.sana.sy\/tr\/index.php?rest_route=\/wp\/v2\/types\/post"}],"author":[{"embeddable":true,"href":"https:\/\/archive.sana.sy\/tr\/index.php?rest_route=\/wp\/v2\/users\/39"}],"replies":[{"embeddable":true,"href":"https:\/\/archive.sana.sy\/tr\/index.php?rest_route=%2Fwp%2Fv2%2Fcomments&post=307782"}],"version-history":[{"count":4,"href":"https:\/\/archive.sana.sy\/tr\/index.php?rest_route=\/wp\/v2\/posts\/307782\/revisions"}],"predecessor-version":[{"id":307785,"href":"https:\/\/archive.sana.sy\/tr\/index.php?rest_route=\/wp\/v2\/posts\/307782\/revisions\/307785"}],"wp:featuredmedia":[{"embeddable":true,"href":"https:\/\/archive.sana.sy\/tr\/index.php?rest_route=\/wp\/v2\/media\/307790"}],"wp:attachment":[{"href":"https:\/\/archive.sana.sy\/tr\/index.php?rest_route=%2Fwp%2Fv2%2Fmedia&parent=307782"}],"wp:term":[{"taxonomy":"category","embeddable":true,"href":"https:\/\/archive.sana.sy\/tr\/index.php?rest_route=%2Fwp%2Fv2%2Fcategories&post=307782"},{"taxonomy":"post_tag","embeddable":true,"href":"https:\/\/archive.sana.sy\/tr\/index.php?rest_route=%2Fwp%2Fv2%2Ftags&post=307782"}],"curies":[{"name":"wp","href":"https:\/\/api.w.org\/{rel}","templated":true}]}}