{"id":30779,"date":"2015-04-23T21:02:29","date_gmt":"2015-04-23T18:02:29","guid":{"rendered":"http:\/\/www.sana.sy\/tr\/?p=30779"},"modified":"2015-04-23T21:02:29","modified_gmt":"2015-04-23T18:02:29","slug":"yermukte-teroristlerden-kacan-ailelere-yardim-dagitildi","status":"publish","type":"post","link":"https:\/\/archive.sana.sy\/tr\/?p=30779","title":{"rendered":"Yerm\u00fck\u2019te Ter\u00f6ristlerden Ka\u00e7an Ailelere Yard\u0131m Da\u011f\u0131t\u0131ld\u0131"},"content":{"rendered":"<p>\u015eAM \u2013 Filistinli M\u00fclteciler Genel Kurumu ve BM Filistinlilere Yard\u0131m ve \u00c7al\u0131\u015ft\u0131rma Ajans\u0131 UNRWA bug\u00fcn \u015eam k\u0131rsal\u0131 Yelda, Babbila ve Beyt Sahm beldelerinde bug\u00fcn \u015eam k\u0131rsal\u0131 Yelda, Babbila ve Beyt Sahm beldelerinde Yerm\u00fck Kamp\u0131nda I\u015e\u0130D ve di\u011fer ter\u00f6r \u00f6rg\u00fctlerinden ka\u00e7an ter\u00f6r ma\u011fduru ailelere t\u0131bbi ve g\u0131da yard\u0131mlar\u0131 da\u011f\u0131tt\u0131.<\/p>\n<p>Filistinli M\u00fclteciler Kurumunun genel m\u00fcd\u00fcr\u00fc Ali Mustafa bug\u00fcn SANA\u2019ya a\u00e7\u0131klamas\u0131nda Suriye h\u00fck\u00fcmetinin destek ve kolayl\u0131klar\u0131 ve \u0130nsani Yard\u0131m Y\u00fcksek Komitesinin denetiminde da\u011f\u0131t\u0131lan yard\u0131mlar\u0131n \u015eam \u00c7evre Kent Valili\u011fiyle koordinasyon i\u00e7inde da\u011f\u0131t\u0131ld\u0131\u011f\u0131n\u0131 a\u00e7\u0131klad\u0131.<\/p>\n<p>I\u015e\u0130D, Nusra Cephesi ve radikal \u00f6rg\u00fctlerin su\u00e7lar\u0131ndan ka\u015fan Yelda, Babbiyla ve Beyt Sahm b\u00f6lgelerinde \u015fimdi bulunan ailelere 1200 ekmek paket ve iki su tank\u0131 da\u011f\u0131tt\u0131klar\u0131n\u0131 ifade etti.<\/p>\n<p>Mustafa; Yerm\u00fck civar\u0131nda d\u00fc\u015fen Tedamun semtinde Zeyneb el Helal\u0131ya Merkezinde ikamet eden ter\u00f6r ma\u011fduru s\u00f6z konusu ailelere g\u0131da ve sa\u011fl\u0131k yard\u0131mlar\u0131n\u0131 s\u00fcrd\u00fcrd\u00fcklerini aktard\u0131.<\/p>\n<p>M.M. &#8211; A.A.<\/p>\n","protected":false},"excerpt":{"rendered":"<p>\u015eAM \u2013 Filistinli M\u00fclteciler Genel Kurumu ve BM Filistinlilere Yard\u0131m ve \u00c7al\u0131\u015ft\u0131rma Ajans\u0131 UNRWA bug\u00fcn \u015eam k\u0131rsal\u0131 Yelda, Babbila ve Beyt Sahm beldelerinde bug\u00fcn \u015eam k\u0131rsal\u0131 Yelda, Babbila ve Beyt Sahm beldelerinde Yerm\u00fck Kamp\u0131nda I\u015e\u0130D ve di\u011fer ter\u00f6r \u00f6rg\u00fctlerinden ka\u00e7an ter\u00f6r ma\u011fduru ailelere t\u0131bbi ve g\u0131da yard\u0131mlar\u0131 da\u011f\u0131tt\u0131. Filistinli M\u00fclteciler Kurumunun genel m\u00fcd\u00fcr\u00fc Ali Mustafa &hellip;<\/p>\n","protected":false},"author":1,"featured_media":30780,"comment_status":"closed","ping_status":"closed","sticky":false,"template":"","format":"standard","meta":{"footnotes":""},"categories":[479,478],"tags":[13987],"class_list":["post-30779","post","type-post","status-publish","format-standard","has-post-thumbnail","","category-haberler-yerel","category-yerel","tag-yermukte-teroristlerden-kacan-ailelere-yardim-dagitildi"],"_links":{"self":[{"href":"https:\/\/archive.sana.sy\/tr\/index.php?rest_route=\/wp\/v2\/posts\/30779","targetHints":{"allow":["GET"]}}],"collection":[{"href":"https:\/\/archive.sana.sy\/tr\/index.php?rest_route=\/wp\/v2\/posts"}],"about":[{"href":"https:\/\/archive.sana.sy\/tr\/index.php?rest_route=\/wp\/v2\/types\/post"}],"author":[{"embeddable":true,"href":"https:\/\/archive.sana.sy\/tr\/index.php?rest_route=\/wp\/v2\/users\/1"}],"replies":[{"embeddable":true,"href":"https:\/\/archive.sana.sy\/tr\/index.php?rest_route=%2Fwp%2Fv2%2Fcomments&post=30779"}],"version-history":[{"count":0,"href":"https:\/\/archive.sana.sy\/tr\/index.php?rest_route=\/wp\/v2\/posts\/30779\/revisions"}],"wp:featuredmedia":[{"embeddable":true,"href":"https:\/\/archive.sana.sy\/tr\/index.php?rest_route=\/wp\/v2\/media\/30780"}],"wp:attachment":[{"href":"https:\/\/archive.sana.sy\/tr\/index.php?rest_route=%2Fwp%2Fv2%2Fmedia&parent=30779"}],"wp:term":[{"taxonomy":"category","embeddable":true,"href":"https:\/\/archive.sana.sy\/tr\/index.php?rest_route=%2Fwp%2Fv2%2Fcategories&post=30779"},{"taxonomy":"post_tag","embeddable":true,"href":"https:\/\/archive.sana.sy\/tr\/index.php?rest_route=%2Fwp%2Fv2%2Ftags&post=30779"}],"curies":[{"name":"wp","href":"https:\/\/api.w.org\/{rel}","templated":true}]}}