{"id":3078,"date":"2014-06-14T17:22:01","date_gmt":"2014-06-14T14:22:01","guid":{"rendered":"http:\/\/sanasyria.org\/tr\/?p=3078"},"modified":"2014-06-15T13:39:42","modified_gmt":"2014-06-15T10:39:42","slug":"bir-nokta-daha-ordunun-eline-gecti","status":"publish","type":"post","link":"https:\/\/archive.sana.sy\/tr\/?p=3078","title":{"rendered":"Bir \u00c7ok Nokta Daha Ordunun Eline Ge\u00e7ti"},"content":{"rendered":"<p><span style=\"color: #800000\">LAZK\u0130YE \u2013<\/span> Askeri bir kaynak vatan koruyucular\u0131 ordu birliklerimizin Lazkiye k\u0131rsal\u0131n\u0131n kuzeyi Keseb\u2019te Nebieyn B\u00f6lgesine d\u00fc\u015fen Syriatell Kulesi ve civar\u0131n\u0131 kontrol\u00fcne ald\u0131\u011f\u0131n\u0131 belirtti.<\/p>\n<p>Kaynak ordu birliklerimizin operasyonda geneli yabanc\u0131lardan olu\u015fan \u00e7ok say\u0131da ter\u00f6risti ara\u00e7lar\u0131 ve a\u011f\u0131r silahlar\u0131yla birlikte etkisiz hale getirdiklerini aktard\u0131.<\/p>\n<p>Vatan koruyucular\u0131m\u0131z ayr\u0131ca Lazkiye k\u0131rsal\u0131n\u0131n kuzeyinde \u00e7o\u011fu yabanc\u0131lardan olu\u015fan \u00e7ok say\u0131da ter\u00f6risti \u00f6l\u00fc yaral\u0131 d\u00fc\u015f\u00fcrmesi ard\u0131ndan Nebieyn B\u00f6lgesinin yan\u0131 s\u0131ra Keseb Y\u00f6n\u00fcnden Semra Yol ay\u0131r\u0131m\u0131n\u0131 tamamen kontrol\u00fcne ge\u00e7irdi.<\/p>\n<p>Vatan koruyucular\u0131m\u0131z Keseb ve Semra b\u00f6lgelerinde de operasyonlar\u0131n\u0131 ba\u015far\u0131yla s\u00fcrd\u00fcr\u00fcyor.<\/p>\n","protected":false},"excerpt":{"rendered":"<p>LAZK\u0130YE \u2013 Askeri bir kaynak vatan koruyucular\u0131 ordu birliklerimizin Lazkiye k\u0131rsal\u0131n\u0131n kuzeyi Keseb\u2019te Nebieyn B\u00f6lgesine d\u00fc\u015fen Syriatell Kulesi ve civar\u0131n\u0131 kontrol\u00fcne ald\u0131\u011f\u0131n\u0131 belirtti. Kaynak ordu birliklerimizin operasyonda geneli yabanc\u0131lardan olu\u015fan \u00e7ok say\u0131da ter\u00f6risti ara\u00e7lar\u0131 ve a\u011f\u0131r silahlar\u0131yla birlikte etkisiz hale getirdiklerini aktard\u0131. Vatan koruyucular\u0131m\u0131z ayr\u0131ca Lazkiye k\u0131rsal\u0131n\u0131n kuzeyinde \u00e7o\u011fu yabanc\u0131lardan olu\u015fan \u00e7ok say\u0131da ter\u00f6risti \u00f6l\u00fc &hellip;<\/p>\n","protected":false},"author":1,"featured_media":3079,"comment_status":"closed","ping_status":"closed","sticky":false,"template":"","format":"standard","meta":{"footnotes":""},"categories":[479,575,478],"tags":[686,682],"class_list":["post-3078","post","type-post","status-publish","format-standard","has-post-thumbnail","","category-haberler-yerel","category-olaylar-ve-gercekler","category-yerel","tag-bir-cok-nokta-daha-ordunun-eline-gecti","tag-bir-nokta-daha-ordunun-eline-gecti"],"_links":{"self":[{"href":"https:\/\/archive.sana.sy\/tr\/index.php?rest_route=\/wp\/v2\/posts\/3078","targetHints":{"allow":["GET"]}}],"collection":[{"href":"https:\/\/archive.sana.sy\/tr\/index.php?rest_route=\/wp\/v2\/posts"}],"about":[{"href":"https:\/\/archive.sana.sy\/tr\/index.php?rest_route=\/wp\/v2\/types\/post"}],"author":[{"embeddable":true,"href":"https:\/\/archive.sana.sy\/tr\/index.php?rest_route=\/wp\/v2\/users\/1"}],"replies":[{"embeddable":true,"href":"https:\/\/archive.sana.sy\/tr\/index.php?rest_route=%2Fwp%2Fv2%2Fcomments&post=3078"}],"version-history":[{"count":0,"href":"https:\/\/archive.sana.sy\/tr\/index.php?rest_route=\/wp\/v2\/posts\/3078\/revisions"}],"wp:featuredmedia":[{"embeddable":true,"href":"https:\/\/archive.sana.sy\/tr\/index.php?rest_route=\/wp\/v2\/media\/3079"}],"wp:attachment":[{"href":"https:\/\/archive.sana.sy\/tr\/index.php?rest_route=%2Fwp%2Fv2%2Fmedia&parent=3078"}],"wp:term":[{"taxonomy":"category","embeddable":true,"href":"https:\/\/archive.sana.sy\/tr\/index.php?rest_route=%2Fwp%2Fv2%2Fcategories&post=3078"},{"taxonomy":"post_tag","embeddable":true,"href":"https:\/\/archive.sana.sy\/tr\/index.php?rest_route=%2Fwp%2Fv2%2Ftags&post=3078"}],"curies":[{"name":"wp","href":"https:\/\/api.w.org\/{rel}","templated":true}]}}