{"id":307800,"date":"2024-09-04T13:39:44","date_gmt":"2024-09-04T10:39:44","guid":{"rendered":"https:\/\/sana.sy\/tr\/?p=307800"},"modified":"2024-09-06T09:07:35","modified_gmt":"2024-09-06T06:07:35","slug":"birlesmis-milletler-israil-bm-degerlendirme-heyetinin-cenin-sehrine-ulasmasini-engelledi","status":"publish","type":"post","link":"https:\/\/archive.sana.sy\/tr\/?p=307800","title":{"rendered":"Birle\u015fmi\u015f Milletler: \u0130srail, BM De\u011ferlendirme Heyetinin Cenin \u015eehrine Ula\u015fmas\u0131n\u0131 Engelledi"},"content":{"rendered":"<p style=\"text-align: justify;\"><strong>\u0130\u015eGAL ED\u0130LEN KUD\u00dcS (SANA) \u2013 <\/strong>Birle\u015fmi\u015f Milletler Genel Sekreteri S\u00f6zc\u00fcs\u00fc Stephane Dujarric, i\u015fgalci \u0130srail&#8217;in, BM de\u011ferlendirme heyetinin Bat\u0131 \u015eeria&#8217;n\u0131n kuzeyindeki Cenin \u015fehrine ula\u015fmas\u0131n\u0131 engelledi\u011fini vurgulad\u0131.<\/p>\n<p style=\"text-align: justify;\">\u00a0Filistinli WAFA Haber Ajans\u0131, Dujarric&#8217;in d\u00fczenledi\u011fi bas\u0131n toplant\u0131s\u0131nda, \u0130srail ordusunun \u00f6l\u00fcmc\u00fcl sava\u015f y\u00f6ntemleri kullanmas\u0131 sonucunda Filistinlilerin can kayb\u0131n\u0131n artt\u0131\u011f\u0131n\u0131 s\u00f6yledi\u011fini aktararak, \u0130srail askeri kontrol noktalar\u0131n\u0131n Bat\u0131 \u015eeria&#8217;ya eri\u015fimi engelledi\u011fini, bunun insani yard\u0131m\u0131 etkiledi\u011fine, ayr\u0131ca ambulans ve sa\u011fl\u0131k ekiplerinin giri\u015fini geciktirdi\u011fine dikkat \u00e7ekti.<\/p>\n<p style=\"text-align: justify;\">\u0130\u015fgalci \u0130srail, altyap\u0131n\u0131n geni\u015f \u00e7apta tahrip edilmesinin yan\u0131 s\u0131ra d\u00fczinelerce Filistinlinin ve y\u00fczlerce tutuklunun \u00f6l\u00fcm\u00fcne ve yaralanmas\u0131na yol a\u00e7an kuzey Bat\u0131 \u015eeria&#8217;ya y\u00f6nelik sald\u0131rganl\u0131klar\u0131n\u0131 sekizinci g\u00fcn\u00fcnde de s\u00fcrd\u00fcr\u00fcyor.<\/p>\n<p style=\"text-align: center;\"><strong><a href=\"https:\/\/t.me\/SuriyeArapHaberAjansI\">Telegram Kanal\u0131m\u0131z\u00a0<\/a>||<a href=\"https:\/\/twitter.com\/arap_ajans\">X Platformumuz\u00a0<\/a>||<a href=\"https:\/\/www.facebook.com\/SANAHaberAjansi\/\">Facebook Sayfam\u0131z<\/a><\/strong><\/p>\n","protected":false},"excerpt":{"rendered":"<p>\u0130\u015eGAL ED\u0130LEN KUD\u00dcS (SANA) \u2013 Birle\u015fmi\u015f Milletler Genel Sekreteri S\u00f6zc\u00fcs\u00fc Stephane Dujarric, i\u015fgalci \u0130srail&#8217;in, BM de\u011ferlendirme heyetinin Bat\u0131 \u015eeria&#8217;n\u0131n kuzeyindeki Cenin \u015fehrine ula\u015fmas\u0131n\u0131 engelledi\u011fini vurgulad\u0131. \u00a0Filistinli WAFA Haber Ajans\u0131, Dujarric&#8217;in d\u00fczenledi\u011fi bas\u0131n toplant\u0131s\u0131nda, \u0130srail ordusunun \u00f6l\u00fcmc\u00fcl sava\u015f y\u00f6ntemleri kullanmas\u0131 sonucunda Filistinlilerin can kayb\u0131n\u0131n artt\u0131\u011f\u0131n\u0131 s\u00f6yledi\u011fini aktararak, \u0130srail askeri kontrol noktalar\u0131n\u0131n Bat\u0131 \u015eeria&#8217;ya eri\u015fimi engelledi\u011fini, bunun &hellip;<\/p>\n","protected":false},"author":39,"featured_media":307801,"comment_status":"closed","ping_status":"closed","sticky":false,"template":"","format":"standard","meta":{"footnotes":""},"categories":[458,459,17988],"tags":[],"class_list":["post-307800","post","type-post","status-publish","format-standard","has-post-thumbnail","","category-dunya1","category-haberler-arap-uluslararasi-politika","category-son-haberler"],"_links":{"self":[{"href":"https:\/\/archive.sana.sy\/tr\/index.php?rest_route=\/wp\/v2\/posts\/307800","targetHints":{"allow":["GET"]}}],"collection":[{"href":"https:\/\/archive.sana.sy\/tr\/index.php?rest_route=\/wp\/v2\/posts"}],"about":[{"href":"https:\/\/archive.sana.sy\/tr\/index.php?rest_route=\/wp\/v2\/types\/post"}],"author":[{"embeddable":true,"href":"https:\/\/archive.sana.sy\/tr\/index.php?rest_route=\/wp\/v2\/users\/39"}],"replies":[{"embeddable":true,"href":"https:\/\/archive.sana.sy\/tr\/index.php?rest_route=%2Fwp%2Fv2%2Fcomments&post=307800"}],"version-history":[{"count":2,"href":"https:\/\/archive.sana.sy\/tr\/index.php?rest_route=\/wp\/v2\/posts\/307800\/revisions"}],"predecessor-version":[{"id":307803,"href":"https:\/\/archive.sana.sy\/tr\/index.php?rest_route=\/wp\/v2\/posts\/307800\/revisions\/307803"}],"wp:featuredmedia":[{"embeddable":true,"href":"https:\/\/archive.sana.sy\/tr\/index.php?rest_route=\/wp\/v2\/media\/307801"}],"wp:attachment":[{"href":"https:\/\/archive.sana.sy\/tr\/index.php?rest_route=%2Fwp%2Fv2%2Fmedia&parent=307800"}],"wp:term":[{"taxonomy":"category","embeddable":true,"href":"https:\/\/archive.sana.sy\/tr\/index.php?rest_route=%2Fwp%2Fv2%2Fcategories&post=307800"},{"taxonomy":"post_tag","embeddable":true,"href":"https:\/\/archive.sana.sy\/tr\/index.php?rest_route=%2Fwp%2Fv2%2Ftags&post=307800"}],"curies":[{"name":"wp","href":"https:\/\/api.w.org\/{rel}","templated":true}]}}