{"id":30782,"date":"2015-04-23T21:11:57","date_gmt":"2015-04-23T18:11:57","guid":{"rendered":"http:\/\/www.sana.sy\/tr\/?p=30782"},"modified":"2015-04-24T20:58:08","modified_gmt":"2015-04-24T17:58:08","slug":"suriye-bmye-bagli-orgutlerle-isbirligini-ve-insani-yardim-calismalarini-desteklemeyi-surduruyor","status":"publish","type":"post","link":"https:\/\/archive.sana.sy\/tr\/?p=30782","title":{"rendered":"Suriye BM\u2019ye Ba\u011fl\u0131 \u00d6rg\u00fctlerle \u0130\u015fbirli\u011fini ve \u0130nsani Yard\u0131m \u00c7al\u0131\u015fmalar\u0131n\u0131 Desteklemeyi S\u00fcrd\u00fcr\u00fcyor"},"content":{"rendered":"<p>\u015eAM \u2013 Suriye, BM\u2019ye ba\u011fl\u0131 \u00f6rg\u00fctlerle i\u015fbirli\u011fini ve insani yard\u0131mlar\u0131n hi\u00e7bir ayr\u0131m g\u00f6zetmeksizin ihtiya\u00e7 sahiplerine ula\u015ft\u0131r\u0131lmas\u0131 \u00e7al\u0131\u015fmalar\u0131n\u0131 kolayla\u015ft\u0131rma \u00e7abalar\u0131n\u0131 s\u00fcrd\u00fcrd\u00fc\u011f\u00fcn\u00fc yineledi.<\/p>\n<p>D\u0131\u015fi\u015fleri ve Gurbet\u00e7iler Bakanl\u0131\u011f\u0131 bug\u00fcn BM Genel Sekreteri ve G\u00fcvenlik Konseyi Ba\u015fkan\u0131na, Suriye&#8217;de \u0130nsani Yard\u0131mlarla ilgili haz\u0131rlanan 14. Rapora cevaben g\u00f6nderdi\u011fi birbirine e\u015f iki mektupta, Suriye&#8217;nin Suriye halk\u0131 ve Filistinli m\u00fcltecilerin can g\u00fcvenli\u011fine ve huzuruna b\u00fcy\u00fck bir \u00f6nem verdi\u011fini yineledi.<\/p>\n<p>Mektuplarda, Suriye&#8217;nin, \u00f6zellikle Bat\u0131l\u0131 devletler ve kimi civar devletler taraf\u0131ndan uygulanan tek tarafl\u0131, gayr\u0131 me\u015fru ve insanl\u0131k-ahlak d\u0131\u015f\u0131 mali engel ve ekonomik yapt\u0131r\u0131mlara ra\u011fmen, hi\u00e7bir ay\u0131r\u0131m g\u00f6zetmeksizin b\u00fct\u00fcn vatanda\u015flar\u0131na ve topraklar\u0131na s\u0131\u011f\u0131nan b\u00fct\u00fcn masum insanlara b\u00fcy\u00fck oranda insani yard\u0131m, g\u0131da ve t\u0131bbi yard\u0131m sa\u011flamaya devam etti\u011fi vurguland\u0131.<\/p>\n<p>Kimi devletlerin I\u015e\u0130D, Nusra Cephesi, \u00d6zg\u00fcr Ordu, \u0130slam Ordusu, \u0130slam Cephesi ve \u015eam Cephesi gibi ter\u00f6r \u00f6rg\u00fctlerine sunduklar\u0131 finans-silah ve lojistik deste\u011finin olmamas\u0131 halinde Suriye&#8217;de ya\u015fanan krizin \u00e7oktan sona ermi\u015f olaca\u011f\u0131na dikkat \u00e7ekilen mektuplarda, Bat\u0131l\u0131 devletler, T\u00fcrkiye ve Suudi rejiminin s\u00f6z konusu ter\u00f6r \u00f6rg\u00fctlerine ve ter\u00f6ristlere kucak a\u00e7mamas\u0131 halinde ter\u00f6r\u00fcn ya\u015fam alan\u0131 bulmas\u0131n\u0131n m\u00fcmk\u00fcn olmayaca\u011f\u0131 hat\u0131rlat\u0131ld\u0131.<\/p>\n<p>Mektuplarda, kimi devletlerin ter\u00f6r\u00fc desteklemeye devam etmesi, \u201c\u0131l\u0131ml\u0131 silahl\u0131 muhalefet\u201d gibi Suriye&#8217;nin i\u00e7i\u015flerine m\u00fcdahaleyi ve katliamc\u0131 \u00f6rg\u00fctleri me\u015frula\u015ft\u0131ran kavramlar kullan\u0131lmas\u0131 ve kimi BM yetkililerinin bu kavramlar\u0131 benimsemesi, uluslararas\u0131 kanunlara kar\u015f\u0131 bir yap\u0131lm\u0131\u015f bir ink\u0131l\u00e2p olarak nitelendirildi.<\/p>\n<p>Suriye&#8217;nin ya\u015fanmakta olan krizin tek \u00e7\u00f6z\u00fcm\u00fcn siyasi ve diyalog y\u00f6ntemiyle gelece\u011finin vurguyla yinelendi\u011fi mektuplarda, uluslararas\u0131 topluma Moskova\u2019da d\u00fczenlenen ve devam\u0131 \u00f6n\u00fcm\u00fczdeki s\u00fcre\u00e7te gelecek olan \u0130sti\u015fare Toplant\u0131lar\u0131n\u0131 destekleme ve onaylama \u00e7a\u011fr\u0131s\u0131 yap\u0131ld\u0131.<\/p>\n<p>Ter\u00f6r\u00fcn olu\u015fturdu\u011fu \u00f6l\u00fcmc\u00fcl tehdidin sadece Suriye topraklar\u0131 ile s\u0131n\u0131rl\u0131 olmay\u0131p b\u00fct\u00fcn d\u00fcnyaya yay\u0131lmaya ba\u015flad\u0131\u011f\u0131n\u0131n alt\u0131n\u0131n \u00e7izildi\u011fi mektuplar, ter\u00f6r\u00fc destekleyen finanse eden ve silahland\u0131ran devletlere ve \u00f6zellikle de Suudi rejimi, Katar, T\u00fcrkiye, Fransa ve ABD\u2019den ter\u00f6r\u00fc desteklemeye derhal son vermeleri talebi ile noktaland\u0131.<\/p>\n<p>F.B. &#8211; M.M.<\/p>\n","protected":false},"excerpt":{"rendered":"<p>\u015eAM \u2013 Suriye, BM\u2019ye ba\u011fl\u0131 \u00f6rg\u00fctlerle i\u015fbirli\u011fini ve insani yard\u0131mlar\u0131n hi\u00e7bir ayr\u0131m g\u00f6zetmeksizin ihtiya\u00e7 sahiplerine ula\u015ft\u0131r\u0131lmas\u0131 \u00e7al\u0131\u015fmalar\u0131n\u0131 kolayla\u015ft\u0131rma \u00e7abalar\u0131n\u0131 s\u00fcrd\u00fcrd\u00fc\u011f\u00fcn\u00fc yineledi. D\u0131\u015fi\u015fleri ve Gurbet\u00e7iler Bakanl\u0131\u011f\u0131 bug\u00fcn BM Genel Sekreteri ve G\u00fcvenlik Konseyi Ba\u015fkan\u0131na, Suriye&#8217;de \u0130nsani Yard\u0131mlarla ilgili haz\u0131rlanan 14. Rapora cevaben g\u00f6nderdi\u011fi birbirine e\u015f iki mektupta, Suriye&#8217;nin Suriye halk\u0131 ve Filistinli m\u00fcltecilerin can g\u00fcvenli\u011fine ve &hellip;<\/p>\n","protected":false},"author":1,"featured_media":29621,"comment_status":"closed","ping_status":"closed","sticky":false,"template":"","format":"standard","meta":{"footnotes":""},"categories":[479,478],"tags":[13988],"class_list":["post-30782","post","type-post","status-publish","format-standard","has-post-thumbnail","","category-haberler-yerel","category-yerel","tag-suriye-bmye-bagli-orgutlerle-isbirligini-ve-insani-yardim-calismalarini-desteklemeyi-surduruyor"],"_links":{"self":[{"href":"https:\/\/archive.sana.sy\/tr\/index.php?rest_route=\/wp\/v2\/posts\/30782","targetHints":{"allow":["GET"]}}],"collection":[{"href":"https:\/\/archive.sana.sy\/tr\/index.php?rest_route=\/wp\/v2\/posts"}],"about":[{"href":"https:\/\/archive.sana.sy\/tr\/index.php?rest_route=\/wp\/v2\/types\/post"}],"author":[{"embeddable":true,"href":"https:\/\/archive.sana.sy\/tr\/index.php?rest_route=\/wp\/v2\/users\/1"}],"replies":[{"embeddable":true,"href":"https:\/\/archive.sana.sy\/tr\/index.php?rest_route=%2Fwp%2Fv2%2Fcomments&post=30782"}],"version-history":[{"count":0,"href":"https:\/\/archive.sana.sy\/tr\/index.php?rest_route=\/wp\/v2\/posts\/30782\/revisions"}],"wp:featuredmedia":[{"embeddable":true,"href":"https:\/\/archive.sana.sy\/tr\/index.php?rest_route=\/wp\/v2\/media\/29621"}],"wp:attachment":[{"href":"https:\/\/archive.sana.sy\/tr\/index.php?rest_route=%2Fwp%2Fv2%2Fmedia&parent=30782"}],"wp:term":[{"taxonomy":"category","embeddable":true,"href":"https:\/\/archive.sana.sy\/tr\/index.php?rest_route=%2Fwp%2Fv2%2Fcategories&post=30782"},{"taxonomy":"post_tag","embeddable":true,"href":"https:\/\/archive.sana.sy\/tr\/index.php?rest_route=%2Fwp%2Fv2%2Ftags&post=30782"}],"curies":[{"name":"wp","href":"https:\/\/api.w.org\/{rel}","templated":true}]}}