{"id":307891,"date":"2024-09-05T16:22:00","date_gmt":"2024-09-05T13:22:00","guid":{"rendered":"https:\/\/sana.sy\/tr\/?p=307891"},"modified":"2024-09-09T10:48:39","modified_gmt":"2024-09-09T07:48:39","slug":"buyukelciler-ve-diplomatlar-expo-suriye-suriye-urununun-iyilesmesinin-ve-gucunun-kanitidir","status":"publish","type":"post","link":"https:\/\/archive.sana.sy\/tr\/?p=307891","title":{"rendered":"B\u00fcy\u00fckel\u00e7iler Ve Diplomatlar: Expo Suriye, Suriye \u00dcr\u00fcn\u00fcn\u00fcn \u0130yile\u015fmesinin Ve G\u00fcc\u00fcn\u00fcn Kan\u0131t\u0131d\u0131r"},"content":{"rendered":"<p style=\"text-align: justify;\"><strong>\u015eAM (SANA) &#8211;<\/strong> Bir dizi b\u00fcy\u00fckel\u00e7i, Arap ve yabanc\u0131 diplomatik misyon temsilcisi ve i\u015f adam\u0131, Suriye ihracat fuar\u0131 &#8220;Expo Suriye 2024&#8243;\u00fcn Suriye \u00fcr\u00fcn\u00fcn\u00fcn g\u00fcc\u00fcn\u00fcn ve Suriye&#8217;nin tan\u0131k oldu\u011fu toparlanma ve ilerleme durumunun kan\u0131t\u0131 oldu\u011funu do\u011frulayarak, Suriye ile di\u011fer \u00fclkeler aras\u0131ndaki end\u00fcstriyel ve ticari i\u015f birli\u011fini geli\u015ftirmek i\u00e7in <img loading=\"lazy\" decoding=\"async\" class=\" wp-image-307895 alignright\" src=\"http:\/\/sana.sy\/tr\/wp-content\/uploads\/2024\/09\/DSC_4171-copy-660x330-3-300x150.jpg\" alt=\"\" width=\"260\" height=\"130\" srcset=\"https:\/\/archive.sana.sy\/tr\/wp-content\/uploads\/2024\/09\/DSC_4171-copy-660x330-3-300x150.jpg 300w, https:\/\/archive.sana.sy\/tr\/wp-content\/uploads\/2024\/09\/DSC_4171-copy-660x330-3.jpg 660w\" sizes=\"auto, (max-width: 260px) 100vw, 260px\" \/>sa\u011flad\u0131\u011f\u0131 f\u0131rsatlara dikkat \u00e7ektiler.<\/p>\n<p style=\"text-align: justify;\">Serginin a\u00e7\u0131l\u0131\u015f\u0131na kat\u0131lan \u0130ran B\u00fcy\u00fckel\u00e7isi H\u00fcseyin Ekberi, medyaya yapt\u0131\u011f\u0131 a\u00e7\u0131klamada, bu t\u00fcr bir serginin, Suriye&#8217;nin bug\u00fcn maruz kald\u0131\u011f\u0131 haks\u0131z ekonomik ku\u015fatma nedeniyle ya\u015fad\u0131\u011f\u0131 zorluklara ve zorluklara g\u00f6\u011f\u00fcs gerebilme yetene\u011fini yans\u0131tt\u0131\u011f\u0131n\u0131 kaydederek, unun Suriyelilerin yetenek ve kabiliyetlerini geli\u015ftirme iradesinin g\u00fcc\u00fcn\u00fc g\u00f6sterdi\u011fini, bunun da fuar pavyonlar\u0131nda sergilenen \u00fcr\u00fcnlerin kalitesi ve \u00e7e\u015fitlili\u011finden a\u00e7\u0131k\u00e7a g\u00f6r\u00fcld\u00fc\u011f\u00fcn\u00fc belirtti.<\/p>\n<p style=\"text-align: justify;\">Tahran Belediye Ba\u015fkan\u0131 Ali R\u0131za Zakani de benzer bir a\u00e7\u0131klama yaparak serginin Suriye ile ba\u015fta \u0130ran olmak \u00fczere <img loading=\"lazy\" decoding=\"async\" class=\" wp-image-307903 alignright\" src=\"http:\/\/sana.sy\/tr\/wp-content\/uploads\/2024\/09\/\u0644\u0627\u0644\u0633\u0641\u064a\u0631-\u0627\u0644\u0628\u062d\u0631\u064a\u0646\u064a-300x192-1.jpg\" alt=\"\" width=\"258\" height=\"165\" \/>di\u011fer \u00fclkeler aras\u0131ndaki ticari ve ekonomik al\u0131\u015fveri\u015f ili\u015fkilerinin \u00e7e\u015fitli d\u00fczeylerde g\u00fc\u00e7lendirilmesine katk\u0131 sa\u011flayaca\u011f\u0131na dikkat \u00e7ekti.<\/p>\n<p style=\"text-align: justify;\">Bahreyn B\u00fcy\u00fckel\u00e7isi Vahid M\u00fcbarak Sayyar ise SANA muhabirine yapt\u0131\u011f\u0131 a\u00e7\u0131klamada, Suriye&#8217;nin \u00e7e\u015fitli sanayi ve kurumlar\u0131n toparlanma ba\u015flang\u0131c\u0131na i\u015faret eden end\u00fcstriyel ve ticari bir r\u00f6nesansa tan\u0131k oldu\u011funu belirtti ve serginin, Suriyeli ve Arap i\u015fadamlar\u0131 ile b\u00f6lge \u00fclkeleri aras\u0131ndaki ili\u015fkilerin g\u00fc\u00e7lendirilmesi i\u00e7in \u00f6nemli bir f\u0131rsat olu\u015fturdu\u011funa ve bunlar\u0131n s\u00fcrekli geli\u015ftirilmesi y\u00f6n\u00fcnde \u00e7al\u0131\u015fmalara g\u00fc\u00e7l\u00fc ve motive edici bir ivme sa\u011flad\u0131\u011f\u0131na i\u015faret etti.<\/p>\n<p style=\"text-align: justify;\">Bu arada Somali b\u00fcy\u00fckel\u00e7ili\u011fi dan\u0131\u015fman\u0131 Muhammed Abdi Ali de benzer bir a\u00e7\u0131klama yaparak, y\u0131llar s\u00fcren <img loading=\"lazy\" decoding=\"async\" class=\" wp-image-307904 alignright\" src=\"http:\/\/sana.sy\/tr\/wp-content\/uploads\/2024\/09\/\u0627\u0644\u0633\u0641\u064a\u0631-\u0627\u0644\u0635\u0648\u0645\u0627\u0644\u064a-300x195-1.jpg\" alt=\"\" width=\"254\" height=\"165\" \/>sava\u015flar\u0131n ac\u0131s\u0131n\u0131 \u00e7eken Suriye&#8217;nin, serginin g\u00f6rme f\u0131rsat\u0131 sundu\u011fu \u00fcr\u00fcnleriyle g\u00fc\u00e7l\u00fc bir \u015fekilde rekabete geri d\u00f6nd\u00fc\u011f\u00fcne dikkat \u00e7ekti.<\/p>\n<p style=\"text-align: justify;\">Irak-Suriye \u0130\u015f Konseyi Ba\u015fkan\u0131 Hasan \u015eeyh Zaini ise, Suriye sergilerinde Arap ve uluslararas\u0131 pazarlara d\u00f6nmeye ba\u015flayan ulusal \u00fcr\u00fcnlerinin pazarlanmas\u0131nda kayda de\u011fer ilerlemeler kaydedildi\u011fini a\u00e7\u0131klarken de, Irak&#8217;\u0131n Suriye ihtisas sergilerine y\u0131ll\u0131k kat\u0131l\u0131m\u0131na ve iki \u00fclke aras\u0131ndaki ekonomik ve ticari alanlardaki i\u015fbirli\u011finin g\u00fc\u00e7lendirilmesinin \u00f6nemine i\u015faret etti.<\/p>\n<p style=\"text-align: justify;\">\u201cExpo Suriye 2024\u201d etkinlikleri d\u00fcn ak\u015fam \u015eam&#8217;daki Yeni Fuar \u015eehri&#8217;nde, 50 bin metrekarelik alanda, \u00e7e\u015fitli sekt\u00f6rlerden 600 ulusal firman\u0131n kat\u0131l\u0131m\u0131yla ba\u015flam\u0131\u015f olup \u00f6n\u00fcm\u00fczdeki pazar g\u00fcn\u00fcne kadar devam edecek.<\/p>\n<p style=\"text-align: center;\"><strong><a href=\"https:\/\/t.me\/SuriyeArapHaberAjansI\">Telegram Kanal\u0131m\u0131z\u00a0<\/a>||<a href=\"https:\/\/twitter.com\/arap_ajans\">X Platformumuz\u00a0<\/a>||<a href=\"https:\/\/www.facebook.com\/SANAHaberAjansi\/\">Facebook Sayfam\u0131z<\/a><\/strong><\/p>\n<div id='gallery-1' class='gallery galleryid-307891 gallery-columns-3 gallery-size-full'><figure class='gallery-item'>\n\t\t\t<div class='gallery-icon landscape'>\n\t\t\t\t<a href='https:\/\/archive.sana.sy\/tr\/wp-content\/uploads\/2024\/09\/DSC_4211.jpg'><img loading=\"lazy\" decoding=\"async\" width=\"660\" height=\"407\" src=\"https:\/\/archive.sana.sy\/tr\/wp-content\/uploads\/2024\/09\/DSC_4211.jpg\" class=\"attachment-full size-full\" alt=\"\" srcset=\"https:\/\/archive.sana.sy\/tr\/wp-content\/uploads\/2024\/09\/DSC_4211.jpg 660w, https:\/\/archive.sana.sy\/tr\/wp-content\/uploads\/2024\/09\/DSC_4211-300x185.jpg 300w\" sizes=\"auto, (max-width: 660px) 100vw, 660px\" \/><\/a>\n\t\t\t<\/div><\/figure><figure class='gallery-item'>\n\t\t\t<div class='gallery-icon landscape'>\n\t\t\t\t<a href='https:\/\/archive.sana.sy\/tr\/wp-content\/uploads\/2024\/09\/2-1.jpg'><img loading=\"lazy\" decoding=\"async\" width=\"660\" height=\"439\" src=\"https:\/\/archive.sana.sy\/tr\/wp-content\/uploads\/2024\/09\/2-1.jpg\" class=\"attachment-full size-full\" alt=\"\" srcset=\"https:\/\/archive.sana.sy\/tr\/wp-content\/uploads\/2024\/09\/2-1.jpg 660w, https:\/\/archive.sana.sy\/tr\/wp-content\/uploads\/2024\/09\/2-1-300x200.jpg 300w, https:\/\/archive.sana.sy\/tr\/wp-content\/uploads\/2024\/09\/2-1-310x205.jpg 310w\" sizes=\"auto, (max-width: 660px) 100vw, 660px\" \/><\/a>\n\t\t\t<\/div><\/figure><figure class='gallery-item'>\n\t\t\t<div class='gallery-icon landscape'>\n\t\t\t\t<a href='https:\/\/archive.sana.sy\/tr\/wp-content\/uploads\/2024\/09\/1-1.jpg'><img loading=\"lazy\" decoding=\"async\" width=\"660\" height=\"439\" src=\"https:\/\/archive.sana.sy\/tr\/wp-content\/uploads\/2024\/09\/1-1.jpg\" class=\"attachment-full size-full\" alt=\"\" srcset=\"https:\/\/archive.sana.sy\/tr\/wp-content\/uploads\/2024\/09\/1-1.jpg 660w, https:\/\/archive.sana.sy\/tr\/wp-content\/uploads\/2024\/09\/1-1-300x200.jpg 300w, https:\/\/archive.sana.sy\/tr\/wp-content\/uploads\/2024\/09\/1-1-310x205.jpg 310w\" sizes=\"auto, (max-width: 660px) 100vw, 660px\" \/><\/a>\n\t\t\t<\/div><\/figure>\n\t\t<\/div>\n\n","protected":false},"excerpt":{"rendered":"<p>\u015eAM (SANA) &#8211; Bir dizi b\u00fcy\u00fckel\u00e7i, Arap ve yabanc\u0131 diplomatik misyon temsilcisi ve i\u015f adam\u0131, Suriye ihracat fuar\u0131 &#8220;Expo Suriye 2024&#8243;\u00fcn Suriye \u00fcr\u00fcn\u00fcn\u00fcn g\u00fcc\u00fcn\u00fcn ve Suriye&#8217;nin tan\u0131k oldu\u011fu toparlanma ve ilerleme durumunun kan\u0131t\u0131 oldu\u011funu do\u011frulayarak, Suriye ile di\u011fer \u00fclkeler aras\u0131ndaki end\u00fcstriyel ve ticari i\u015f birli\u011fini geli\u015ftirmek i\u00e7in sa\u011flad\u0131\u011f\u0131 f\u0131rsatlara dikkat \u00e7ektiler. Serginin a\u00e7\u0131l\u0131\u015f\u0131na kat\u0131lan \u0130ran &hellip;<\/p>\n","protected":false},"author":39,"featured_media":307895,"comment_status":"closed","ping_status":"closed","sticky":false,"template":"","format":"standard","meta":{"footnotes":""},"categories":[485,486,479,17988,478],"tags":[],"class_list":["post-307891","post","type-post","status-publish","format-standard","has-post-thumbnail","","category-is-ve-sermaye","category-haberler-is-ve-sermaye","category-haberler-yerel","category-son-haberler","category-yerel"],"_links":{"self":[{"href":"https:\/\/archive.sana.sy\/tr\/index.php?rest_route=\/wp\/v2\/posts\/307891","targetHints":{"allow":["GET"]}}],"collection":[{"href":"https:\/\/archive.sana.sy\/tr\/index.php?rest_route=\/wp\/v2\/posts"}],"about":[{"href":"https:\/\/archive.sana.sy\/tr\/index.php?rest_route=\/wp\/v2\/types\/post"}],"author":[{"embeddable":true,"href":"https:\/\/archive.sana.sy\/tr\/index.php?rest_route=\/wp\/v2\/users\/39"}],"replies":[{"embeddable":true,"href":"https:\/\/archive.sana.sy\/tr\/index.php?rest_route=%2Fwp%2Fv2%2Fcomments&post=307891"}],"version-history":[{"count":5,"href":"https:\/\/archive.sana.sy\/tr\/index.php?rest_route=\/wp\/v2\/posts\/307891\/revisions"}],"predecessor-version":[{"id":308102,"href":"https:\/\/archive.sana.sy\/tr\/index.php?rest_route=\/wp\/v2\/posts\/307891\/revisions\/308102"}],"wp:featuredmedia":[{"embeddable":true,"href":"https:\/\/archive.sana.sy\/tr\/index.php?rest_route=\/wp\/v2\/media\/307895"}],"wp:attachment":[{"href":"https:\/\/archive.sana.sy\/tr\/index.php?rest_route=%2Fwp%2Fv2%2Fmedia&parent=307891"}],"wp:term":[{"taxonomy":"category","embeddable":true,"href":"https:\/\/archive.sana.sy\/tr\/index.php?rest_route=%2Fwp%2Fv2%2Fcategories&post=307891"},{"taxonomy":"post_tag","embeddable":true,"href":"https:\/\/archive.sana.sy\/tr\/index.php?rest_route=%2Fwp%2Fv2%2Ftags&post=307891"}],"curies":[{"name":"wp","href":"https:\/\/api.w.org\/{rel}","templated":true}]}}