{"id":307913,"date":"2024-09-05T17:58:59","date_gmt":"2024-09-05T14:58:59","guid":{"rendered":"https:\/\/sana.sy\/tr\/?p=307913"},"modified":"2024-09-09T10:47:22","modified_gmt":"2024-09-09T07:47:22","slug":"suriye-sudan-gorusmeleri-ekonomik-ve-endustriyel-isbirligini-gelistirme-umutlarini-ele-aldi","status":"publish","type":"post","link":"https:\/\/archive.sana.sy\/tr\/?p=307913","title":{"rendered":"Suriye-Sudan G\u00f6r\u00fc\u015fmeleri Ekonomik Ve End\u00fcstriyel \u0130\u015fbirli\u011fini Geli\u015ftirme Umutlar\u0131n\u0131 Ele Ald\u0131"},"content":{"rendered":"<p style=\"text-align: justify;\"><strong>\u015eAM (SANA)<\/strong> &#8211; \u00a0\u015eam ve K\u0131rsal Sanayi Odas\u0131 Ba\u015fkan\u0131 Gazvan El Masri, Sudan&#8217;\u0131n \u015eam B\u00fcy\u00fckel\u00e7ili\u011fi Maslahatg\u00fczar Vekili Ahmed \u0130brahim El Hasanile iki \u00fclke aras\u0131ndaki ekonomik ve end\u00fcstriyel i\u015fbirli\u011fini geli\u015ftirme ve bu alanda deneyim ve bilgi al\u0131\u015fveri\u015finde bulunma olanaklar\u0131n\u0131 g\u00f6r\u00fc\u015ft\u00fc.<\/p>\n<p style=\"text-align: justify;\"><img loading=\"lazy\" decoding=\"async\" class=\"size-full wp-image-307915 alignright\" src=\"http:\/\/sana.sy\/tr\/wp-content\/uploads\/2024\/09\/photo_2024-09-05_16-07-38-300x194-1.jpg\" alt=\"\" width=\"300\" height=\"194\" \/>El Masri, iki \u00fclke aras\u0131ndaki ikili ili\u015fkilerin g\u00fc\u00e7lendirilmesinin \u00f6nemini ve Oda&#8217;n\u0131n, \u00e7e\u015fitli sekt\u00f6rlerdeki projelere kap\u0131y\u0131 sonuna kadar a\u00e7mak i\u00e7in \u00f6nemli bir ad\u0131m olarak iki taraf aras\u0131ndaki ortakl\u0131\u011fa do\u011fru ilerleme arzusunu vurgulad\u0131.<\/p>\n<p style=\"text-align: justify;\">Sudan B\u00fcy\u00fckel\u00e7ili\u011fi Maslahatg\u00fczar Vekili ise \u00fclkesinin istisnai durumlardan ge\u00e7ti\u011fini ve t\u00fcm karde\u015f ve dost \u00fclkelerle i\u015fbirli\u011fi gerektiren yeniden in\u015fa ve \u00fcretim \u00e7ark\u0131n\u0131 ba\u015flatma a\u015famas\u0131na girdi\u011fini belirtti.<\/p>\n<p style=\"text-align: justify;\">El Hasan ayr\u0131ca, Sudan pazar\u0131n\u0131n ba\u015fta ila\u00e7 end\u00fcstrisi olmak \u00fczere \u00e7e\u015fitli sekt\u00f6rlerdeki bir\u00e7ok sekt\u00f6re ihtiyac\u0131 oldu\u011funa dikkat \u00e7ekti.<\/p>\n<p style=\"text-align: justify;\">Bu kapsamda \u00f6n\u00fcm\u00fczdeki d\u00f6nemde ila\u00e7 sekt\u00f6r\u00fcnde uzman i\u015f adamlar\u0131n\u0131 bir araya getirerek bilgi al\u0131\u015fveri\u015finde bulunmak ve bu alanda i\u015fbirli\u011fi yollar\u0131 hakk\u0131nda bilgi edinmek amac\u0131yla sanal bir toplant\u0131 yap\u0131lmas\u0131 kararla\u015ft\u0131r\u0131ld\u0131.<\/p>\n<p style=\"text-align: center;\"><strong><a href=\"https:\/\/t.me\/SuriyeArapHaberAjansI\">Telegram Kanal\u0131m\u0131z\u00a0<\/a>||<a href=\"https:\/\/twitter.com\/arap_ajans\">X Platformumuz\u00a0<\/a>||<a href=\"https:\/\/www.facebook.com\/SANAHaberAjansi\/\">Facebook Sayfam\u0131z<\/a><\/strong><\/p>\n","protected":false},"excerpt":{"rendered":"<p>\u015eAM (SANA) &#8211; \u00a0\u015eam ve K\u0131rsal Sanayi Odas\u0131 Ba\u015fkan\u0131 Gazvan El Masri, Sudan&#8217;\u0131n \u015eam B\u00fcy\u00fckel\u00e7ili\u011fi Maslahatg\u00fczar Vekili Ahmed \u0130brahim El Hasanile iki \u00fclke aras\u0131ndaki ekonomik ve end\u00fcstriyel i\u015fbirli\u011fini geli\u015ftirme ve bu alanda deneyim ve bilgi al\u0131\u015fveri\u015finde bulunma olanaklar\u0131n\u0131 g\u00f6r\u00fc\u015ft\u00fc. El Masri, iki \u00fclke aras\u0131ndaki ikili ili\u015fkilerin g\u00fc\u00e7lendirilmesinin \u00f6nemini ve Oda&#8217;n\u0131n, \u00e7e\u015fitli sekt\u00f6rlerdeki projelere kap\u0131y\u0131 sonuna &hellip;<\/p>\n","protected":false},"author":41,"featured_media":307914,"comment_status":"closed","ping_status":"closed","sticky":false,"template":"","format":"standard","meta":{"footnotes":""},"categories":[485,486,479,17988,478],"tags":[42279],"class_list":["post-307913","post","type-post","status-publish","format-standard","has-post-thumbnail","","category-is-ve-sermaye","category-haberler-is-ve-sermaye","category-haberler-yerel","category-son-haberler","category-yerel","tag-suriye-sudan-gorusmeleri-ekonomik-ve-endustriyel-isbirligini-gelistirme-umutlarini-ele-aldi"],"_links":{"self":[{"href":"https:\/\/archive.sana.sy\/tr\/index.php?rest_route=\/wp\/v2\/posts\/307913","targetHints":{"allow":["GET"]}}],"collection":[{"href":"https:\/\/archive.sana.sy\/tr\/index.php?rest_route=\/wp\/v2\/posts"}],"about":[{"href":"https:\/\/archive.sana.sy\/tr\/index.php?rest_route=\/wp\/v2\/types\/post"}],"author":[{"embeddable":true,"href":"https:\/\/archive.sana.sy\/tr\/index.php?rest_route=\/wp\/v2\/users\/41"}],"replies":[{"embeddable":true,"href":"https:\/\/archive.sana.sy\/tr\/index.php?rest_route=%2Fwp%2Fv2%2Fcomments&post=307913"}],"version-history":[{"count":1,"href":"https:\/\/archive.sana.sy\/tr\/index.php?rest_route=\/wp\/v2\/posts\/307913\/revisions"}],"predecessor-version":[{"id":307916,"href":"https:\/\/archive.sana.sy\/tr\/index.php?rest_route=\/wp\/v2\/posts\/307913\/revisions\/307916"}],"wp:featuredmedia":[{"embeddable":true,"href":"https:\/\/archive.sana.sy\/tr\/index.php?rest_route=\/wp\/v2\/media\/307914"}],"wp:attachment":[{"href":"https:\/\/archive.sana.sy\/tr\/index.php?rest_route=%2Fwp%2Fv2%2Fmedia&parent=307913"}],"wp:term":[{"taxonomy":"category","embeddable":true,"href":"https:\/\/archive.sana.sy\/tr\/index.php?rest_route=%2Fwp%2Fv2%2Fcategories&post=307913"},{"taxonomy":"post_tag","embeddable":true,"href":"https:\/\/archive.sana.sy\/tr\/index.php?rest_route=%2Fwp%2Fv2%2Ftags&post=307913"}],"curies":[{"name":"wp","href":"https:\/\/api.w.org\/{rel}","templated":true}]}}