{"id":307967,"date":"2024-09-07T09:46:12","date_gmt":"2024-09-07T06:46:12","guid":{"rendered":"https:\/\/sana.sy\/tr\/?p=307967"},"modified":"2024-09-09T10:45:12","modified_gmt":"2024-09-09T07:45:12","slug":"isgal-ucaklarinin-gazze-seridinin-cesitli-bolgelerini-bombalamasi-sonucu-5-sehit","status":"publish","type":"post","link":"https:\/\/archive.sana.sy\/tr\/?p=307967","title":{"rendered":"\u0130\u015fgal U\u00e7aklar\u0131n\u0131n Gazze \u015eeridi&#8217;nin \u00c7e\u015fitli B\u00f6lgelerini Bombalamas\u0131 Sonucu 5 \u015eehit"},"content":{"rendered":"<p><strong>\u0130\u015eGAL ED\u0130LEN KUD\u00dcS (SANA) \u2013 <\/strong>\u0130srail i\u015fgal u\u00e7aklar\u0131n\u0131n Gazze \u015eeridi&#8217;nin \u00e7e\u015fitli b\u00f6lgelerini bombalamas\u0131 sonucu bug\u00fcn \u015fafak vakti 1&#8217;i \u00e7ocuk 5 Filistinli \u015fehit d\u00fc\u015ft\u00fc, \u00e7ok say\u0131da ki\u015fi de yaraland\u0131.<\/p>\n<p>Filistinli WAFA Haber Ajans\u0131, i\u015fgal u\u00e7aklar\u0131n\u0131n Gazze \u015eeridi&#8217;nin merkezindeki Bureij m\u00fclteci kamp\u0131ndaki bir apartman dairesini bombalad\u0131\u011f\u0131n\u0131, d\u00f6rt Filistinlinin \u00f6ld\u00fc\u011f\u00fcn\u00fc ve 10 ki\u015finin de yaraland\u0131\u011f\u0131n\u0131 bildirdi.<\/p>\n<p>\u0130\u015fgal u\u00e7aklar\u0131 Gazze \u015fehrinin kuzeyindeki El Nasr mahallesindeki bir evi de bombalayarak bir k\u0131z\u0131 \u00f6ld\u00fcrd\u00fc ve di\u011ferlerini de yaralad\u0131.<\/p>\n<p style=\"text-align: center;\"><strong><a href=\"https:\/\/t.me\/SuriyeArapHaberAjansI\">Telegram Kanal\u0131m\u0131z\u00a0<\/a>||<a href=\"https:\/\/twitter.com\/arap_ajans\">X Platformumuz\u00a0<\/a>||<a href=\"https:\/\/www.facebook.com\/SANAHaberAjansi\/\">Facebook Sayfam\u0131z<\/a><\/strong><\/p>\n","protected":false},"excerpt":{"rendered":"<p>\u0130\u015eGAL ED\u0130LEN KUD\u00dcS (SANA) \u2013 \u0130srail i\u015fgal u\u00e7aklar\u0131n\u0131n Gazze \u015eeridi&#8217;nin \u00e7e\u015fitli b\u00f6lgelerini bombalamas\u0131 sonucu bug\u00fcn \u015fafak vakti 1&#8217;i \u00e7ocuk 5 Filistinli \u015fehit d\u00fc\u015ft\u00fc, \u00e7ok say\u0131da ki\u015fi de yaraland\u0131. Filistinli WAFA Haber Ajans\u0131, i\u015fgal u\u00e7aklar\u0131n\u0131n Gazze \u015eeridi&#8217;nin merkezindeki Bureij m\u00fclteci kamp\u0131ndaki bir apartman dairesini bombalad\u0131\u011f\u0131n\u0131, d\u00f6rt Filistinlinin \u00f6ld\u00fc\u011f\u00fcn\u00fc ve 10 ki\u015finin de yaraland\u0131\u011f\u0131n\u0131 bildirdi. \u0130\u015fgal u\u00e7aklar\u0131 &hellip;<\/p>\n","protected":false},"author":36,"featured_media":307968,"comment_status":"closed","ping_status":"closed","sticky":false,"template":"","format":"standard","meta":{"footnotes":""},"categories":[458,459,17988],"tags":[],"class_list":["post-307967","post","type-post","status-publish","format-standard","has-post-thumbnail","","category-dunya1","category-haberler-arap-uluslararasi-politika","category-son-haberler"],"_links":{"self":[{"href":"https:\/\/archive.sana.sy\/tr\/index.php?rest_route=\/wp\/v2\/posts\/307967","targetHints":{"allow":["GET"]}}],"collection":[{"href":"https:\/\/archive.sana.sy\/tr\/index.php?rest_route=\/wp\/v2\/posts"}],"about":[{"href":"https:\/\/archive.sana.sy\/tr\/index.php?rest_route=\/wp\/v2\/types\/post"}],"author":[{"embeddable":true,"href":"https:\/\/archive.sana.sy\/tr\/index.php?rest_route=\/wp\/v2\/users\/36"}],"replies":[{"embeddable":true,"href":"https:\/\/archive.sana.sy\/tr\/index.php?rest_route=%2Fwp%2Fv2%2Fcomments&post=307967"}],"version-history":[{"count":1,"href":"https:\/\/archive.sana.sy\/tr\/index.php?rest_route=\/wp\/v2\/posts\/307967\/revisions"}],"predecessor-version":[{"id":307969,"href":"https:\/\/archive.sana.sy\/tr\/index.php?rest_route=\/wp\/v2\/posts\/307967\/revisions\/307969"}],"wp:featuredmedia":[{"embeddable":true,"href":"https:\/\/archive.sana.sy\/tr\/index.php?rest_route=\/wp\/v2\/media\/307968"}],"wp:attachment":[{"href":"https:\/\/archive.sana.sy\/tr\/index.php?rest_route=%2Fwp%2Fv2%2Fmedia&parent=307967"}],"wp:term":[{"taxonomy":"category","embeddable":true,"href":"https:\/\/archive.sana.sy\/tr\/index.php?rest_route=%2Fwp%2Fv2%2Fcategories&post=307967"},{"taxonomy":"post_tag","embeddable":true,"href":"https:\/\/archive.sana.sy\/tr\/index.php?rest_route=%2Fwp%2Fv2%2Ftags&post=307967"}],"curies":[{"name":"wp","href":"https:\/\/api.w.org\/{rel}","templated":true}]}}