{"id":307970,"date":"2024-09-07T10:37:48","date_gmt":"2024-09-07T07:37:48","guid":{"rendered":"https:\/\/sana.sy\/tr\/?p=307970"},"modified":"2024-09-08T10:44:21","modified_gmt":"2024-09-08T07:44:21","slug":"aksa-tufani-operasyonu-bugunun-en-one-cikan-gelismeleri-245","status":"publish","type":"post","link":"https:\/\/archive.sana.sy\/tr\/?p=307970","title":{"rendered":"Aksa Tufan\u0131 Operasyonu\u2026 Bug\u00fcn\u00fcn En \u00d6ne \u00c7\u0131kan Geli\u015fmeleri"},"content":{"rendered":"<p style=\"text-align: justify;\"><strong>\u0130\u015eGAL ED\u0130LEN KUD\u00dcS (SANA) \u2013<\/strong>\u00a0Filistin direni\u015finin i\u015fgalci \u0130srail\u2019in sald\u0131rganl\u0131\u011f\u0131na yan\u0131t olarak ge\u00e7en 7 Ekim\u2019de ba\u015flatt\u0131\u011f\u0131 Aksa Tufan\u0131 Operasyonu\u2019nda \u00f6ne \u00e7\u0131kan geli\u015fmeler:<\/p>\n<ul>\n<li>Filistin medyas\u0131: \u0130srail i\u015fgalinin Gazze \u015eehri\u2019ndeki \u015eeyh R\u0131dvan mahallesinde yerlerinden edilmi\u015f ki\u015filerin ya\u015fad\u0131\u011f\u0131 bir okulu bombalamas\u0131 sonucu \u015fehitler ve yaral\u0131lar.<\/li>\n<li>Filistin Sa\u011fl\u0131k Bakanl\u0131\u011f\u0131: \u0130srail\u2019in Gazze \u015eeridi\u2019nde 337\u2019nci g\u00fcn\u00fcnde s\u00fcrd\u00fcrd\u00fc\u011f\u00fc sald\u0131r\u0131da \u00f6lenlerin say\u0131s\u0131 40 bin 939\u2019a, yaral\u0131 say\u0131s\u0131 ise 94 bin 616\u2019ya y\u00fckseldi.<\/li>\n<li>Filistin Sa\u011fl\u0131k Bakanl\u0131\u011f\u0131: \u0130srail i\u015fgali son 48 saatte Gazze \u015eeridi\u2019nde 4 katliam ger\u00e7ekle\u015ftirdi; bunlardan 61\u2019i \u015fehit, 162\u2019si yaral\u0131 hastanelere kald\u0131r\u0131ld\u0131.<\/li>\n<li>Filistin medyas\u0131: \u0130srail i\u015fgalinin son 24 saatte Gazze \u015eeridi\u2019nin merkezindeki Nuseyrat ve Bureyic kamp\u0131n\u0131 bombalamas\u0131 sonucu 22 \u015fehit.<\/li>\n<li>Filistin medyas\u0131: \u0130srail i\u015fgalinin Gazze \u015eeridi\u2019nin merkezindeki Nuseyrat kamp\u0131n\u0131n bat\u0131s\u0131nda bir grup Filistinliyi bombalamas\u0131 sonucu 5 \u015fehit ve \u00e7ok say\u0131da yaral\u0131.<\/li>\n<li>\u0130\u015fgal u\u00e7aklar\u0131n\u0131n Gazze \u015eeridi\u2019nin \u00e7e\u015fitli b\u00f6lgelerini bombalamas\u0131 sonucu 5 \u015fehit.<\/li>\n<li><a href=\"https:\/\/www.sana.sy\/tr\/?p=307967\">\u0130\u015fgal U\u00e7aklar\u0131n\u0131n Gazze \u015eeridi\u2019nin \u00c7e\u015fitli B\u00f6lgelerini Bombalamas\u0131 Sonucu 5 \u015eehit<\/a><\/li>\n<\/ul>\n<p style=\"text-align: center;\"><strong><a href=\"https:\/\/t.me\/SuriyeArapHaberAjansI\">Telegram Kanal\u0131m\u0131z\u00a0<\/a>||<a href=\"https:\/\/twitter.com\/arap_ajans\">X Platformumuz\u00a0<\/a>||<a href=\"https:\/\/www.facebook.com\/SANAHaberAjansi\/\">Facebook Sayfam\u0131z<\/a><\/strong><\/p>\n","protected":false},"excerpt":{"rendered":"<p>\u0130\u015eGAL ED\u0130LEN KUD\u00dcS (SANA) \u2013\u00a0Filistin direni\u015finin i\u015fgalci \u0130srail\u2019in sald\u0131rganl\u0131\u011f\u0131na yan\u0131t olarak ge\u00e7en 7 Ekim\u2019de ba\u015flatt\u0131\u011f\u0131 Aksa Tufan\u0131 Operasyonu\u2019nda \u00f6ne \u00e7\u0131kan geli\u015fmeler: Filistin medyas\u0131: \u0130srail i\u015fgalinin Gazze \u015eehri\u2019ndeki \u015eeyh R\u0131dvan mahallesinde yerlerinden edilmi\u015f ki\u015filerin ya\u015fad\u0131\u011f\u0131 bir okulu bombalamas\u0131 sonucu \u015fehitler ve yaral\u0131lar. Filistin Sa\u011fl\u0131k Bakanl\u0131\u011f\u0131: \u0130srail\u2019in Gazze \u015eeridi\u2019nde 337\u2019nci g\u00fcn\u00fcnde s\u00fcrd\u00fcrd\u00fc\u011f\u00fc sald\u0131r\u0131da \u00f6lenlerin say\u0131s\u0131 40 bin &hellip;<\/p>\n","protected":false},"author":36,"featured_media":307971,"comment_status":"closed","ping_status":"closed","sticky":false,"template":"","format":"standard","meta":{"footnotes":""},"categories":[458,459,17988],"tags":[],"class_list":["post-307970","post","type-post","status-publish","format-standard","has-post-thumbnail","","category-dunya1","category-haberler-arap-uluslararasi-politika","category-son-haberler"],"_links":{"self":[{"href":"https:\/\/archive.sana.sy\/tr\/index.php?rest_route=\/wp\/v2\/posts\/307970","targetHints":{"allow":["GET"]}}],"collection":[{"href":"https:\/\/archive.sana.sy\/tr\/index.php?rest_route=\/wp\/v2\/posts"}],"about":[{"href":"https:\/\/archive.sana.sy\/tr\/index.php?rest_route=\/wp\/v2\/types\/post"}],"author":[{"embeddable":true,"href":"https:\/\/archive.sana.sy\/tr\/index.php?rest_route=\/wp\/v2\/users\/36"}],"replies":[{"embeddable":true,"href":"https:\/\/archive.sana.sy\/tr\/index.php?rest_route=%2Fwp%2Fv2%2Fcomments&post=307970"}],"version-history":[{"count":3,"href":"https:\/\/archive.sana.sy\/tr\/index.php?rest_route=\/wp\/v2\/posts\/307970\/revisions"}],"predecessor-version":[{"id":308004,"href":"https:\/\/archive.sana.sy\/tr\/index.php?rest_route=\/wp\/v2\/posts\/307970\/revisions\/308004"}],"wp:featuredmedia":[{"embeddable":true,"href":"https:\/\/archive.sana.sy\/tr\/index.php?rest_route=\/wp\/v2\/media\/307971"}],"wp:attachment":[{"href":"https:\/\/archive.sana.sy\/tr\/index.php?rest_route=%2Fwp%2Fv2%2Fmedia&parent=307970"}],"wp:term":[{"taxonomy":"category","embeddable":true,"href":"https:\/\/archive.sana.sy\/tr\/index.php?rest_route=%2Fwp%2Fv2%2Fcategories&post=307970"},{"taxonomy":"post_tag","embeddable":true,"href":"https:\/\/archive.sana.sy\/tr\/index.php?rest_route=%2Fwp%2Fv2%2Ftags&post=307970"}],"curies":[{"name":"wp","href":"https:\/\/api.w.org\/{rel}","templated":true}]}}