{"id":307999,"date":"2024-09-08T05:20:08","date_gmt":"2024-09-08T02:20:08","guid":{"rendered":"https:\/\/sana.sy\/tr\/?p=307999"},"modified":"2024-09-09T10:45:44","modified_gmt":"2024-09-09T07:45:44","slug":"lubnan-direnisi-kiryat-smona-ve-samir-yerlesimlerindeki-dusman-israili-hedef-aldi","status":"publish","type":"post","link":"https:\/\/archive.sana.sy\/tr\/?p=307999","title":{"rendered":"L\u00fcbnan Direni\u015fi Kiryat \u015emona Ve \u015eamir Yerle\u015fimlerindeki D\u00fc\u015fman \u0130srail&#8217;i Hedef Ald\u0131"},"content":{"rendered":"<p style=\"text-align: justify;\"><strong>BEYRUT <\/strong><strong>(SANA)<\/strong> &#8211; Bu sabah L\u00fcbnan direni\u015fi, G\u00fcneydeki Farun kasabas\u0131nda L\u00fcbnanl\u0131 sa\u011fl\u0131k personeline y\u00f6nelik sald\u0131r\u0131lar\u0131na yan\u0131t ve Gazze \u015eeridi halk\u0131na ve direni\u015fine destek olarak, i\u015fgal alt\u0131ndaki Filistin&#8217;in kuzeyindeki Kiryat \u015emona ve \u015eamir yerle\u015fimlerine Falak ve Katyu\u015fa roketleriyle d\u00fc\u015fman \u0130srail&#8217;i hedef ald\u0131.<\/p>\n<p style=\"text-align: justify;\">Direni\u015f yapt\u0131\u011f\u0131 a\u00e7\u0131klamada \u015fu ifadeleri kulland\u0131: &#8221;Gazze \u015eeridi&#8217;ndeki kararl\u0131 Filistin halk\u0131m\u0131za ve onlar\u0131n cesur ve onurlu direni\u015fine destek olarak ve d\u00fc\u015fman\u0131n g\u00fcneydeki kararl\u0131 k\u00f6ylere ve g\u00fcvenli evlere y\u00f6nelik sald\u0131r\u0131lar\u0131na yan\u0131t olarak, direni\u015f sava\u015f\u00e7\u0131lar\u0131, Falaq f\u00fczeleriyle Kiryat \u015emona yerle\u015fimindeki \u0130srail d\u00fc\u015fman\u0131n\u0131, ikinci kez de yo\u011fun f\u00fcze bombard\u0131man\u0131yla Kiryat \u015emona yerle\u015fimini hedef ald\u0131.&#8221;<\/p>\n<p style=\"text-align: justify;\">Direni\u015f ayr\u0131ca, direni\u015finin \u015eamir yerle\u015fimindeki \u0130srail d\u00fc\u015fman\u0131n\u0131 Katyu\u015fa roketleriyle hedef ald\u0131\u011f\u0131n\u0131 duyurdu.<\/p>\n<p style=\"text-align: center;\"><strong><a href=\"https:\/\/t.me\/SuriyeArapHaberAjansI\">Telegram Kanal\u0131m\u0131z\u00a0<\/a>||<a href=\"https:\/\/twitter.com\/arap_ajans\">X Platformumuz\u00a0<\/a>||<a href=\"https:\/\/www.facebook.com\/SANAHaberAjansi\/\">Facebook Sayfam\u0131z<\/a><\/strong><\/p>\n","protected":false},"excerpt":{"rendered":"<p>BEYRUT (SANA) &#8211; Bu sabah L\u00fcbnan direni\u015fi, G\u00fcneydeki Farun kasabas\u0131nda L\u00fcbnanl\u0131 sa\u011fl\u0131k personeline y\u00f6nelik sald\u0131r\u0131lar\u0131na yan\u0131t ve Gazze \u015eeridi halk\u0131na ve direni\u015fine destek olarak, i\u015fgal alt\u0131ndaki Filistin&#8217;in kuzeyindeki Kiryat \u015emona ve \u015eamir yerle\u015fimlerine Falak ve Katyu\u015fa roketleriyle d\u00fc\u015fman \u0130srail&#8217;i hedef ald\u0131. Direni\u015f yapt\u0131\u011f\u0131 a\u00e7\u0131klamada \u015fu ifadeleri kulland\u0131: &#8221;Gazze \u015eeridi&#8217;ndeki kararl\u0131 Filistin halk\u0131m\u0131za ve onlar\u0131n cesur &hellip;<\/p>\n","protected":false},"author":41,"featured_media":308000,"comment_status":"closed","ping_status":"closed","sticky":false,"template":"","format":"standard","meta":{"footnotes":""},"categories":[458,459,17988],"tags":[],"class_list":["post-307999","post","type-post","status-publish","format-standard","has-post-thumbnail","","category-dunya1","category-haberler-arap-uluslararasi-politika","category-son-haberler"],"_links":{"self":[{"href":"https:\/\/archive.sana.sy\/tr\/index.php?rest_route=\/wp\/v2\/posts\/307999","targetHints":{"allow":["GET"]}}],"collection":[{"href":"https:\/\/archive.sana.sy\/tr\/index.php?rest_route=\/wp\/v2\/posts"}],"about":[{"href":"https:\/\/archive.sana.sy\/tr\/index.php?rest_route=\/wp\/v2\/types\/post"}],"author":[{"embeddable":true,"href":"https:\/\/archive.sana.sy\/tr\/index.php?rest_route=\/wp\/v2\/users\/41"}],"replies":[{"embeddable":true,"href":"https:\/\/archive.sana.sy\/tr\/index.php?rest_route=%2Fwp%2Fv2%2Fcomments&post=307999"}],"version-history":[{"count":1,"href":"https:\/\/archive.sana.sy\/tr\/index.php?rest_route=\/wp\/v2\/posts\/307999\/revisions"}],"predecessor-version":[{"id":308001,"href":"https:\/\/archive.sana.sy\/tr\/index.php?rest_route=\/wp\/v2\/posts\/307999\/revisions\/308001"}],"wp:featuredmedia":[{"embeddable":true,"href":"https:\/\/archive.sana.sy\/tr\/index.php?rest_route=\/wp\/v2\/media\/308000"}],"wp:attachment":[{"href":"https:\/\/archive.sana.sy\/tr\/index.php?rest_route=%2Fwp%2Fv2%2Fmedia&parent=307999"}],"wp:term":[{"taxonomy":"category","embeddable":true,"href":"https:\/\/archive.sana.sy\/tr\/index.php?rest_route=%2Fwp%2Fv2%2Fcategories&post=307999"},{"taxonomy":"post_tag","embeddable":true,"href":"https:\/\/archive.sana.sy\/tr\/index.php?rest_route=%2Fwp%2Fv2%2Ftags&post=307999"}],"curies":[{"name":"wp","href":"https:\/\/api.w.org\/{rel}","templated":true}]}}