{"id":308003,"date":"2024-09-08T10:25:22","date_gmt":"2024-09-08T07:25:22","guid":{"rendered":"https:\/\/sana.sy\/tr\/?p=308003"},"modified":"2024-09-09T10:45:57","modified_gmt":"2024-09-09T07:45:57","slug":"cebaliye-kampina-duzenlenen-isgal-bombardimani-sonucu-5-sehit-ve-cok-sayida-yarali","status":"publish","type":"post","link":"https:\/\/archive.sana.sy\/tr\/?p=308003","title":{"rendered":"Cebaliye Kamp\u0131na D\u00fczenlenen \u0130\u015fgal Bombard\u0131man\u0131 Sonucu 5 \u015eehit Ve \u00c7ok Say\u0131da Yaral\u0131"},"content":{"rendered":"<p style=\"text-align: justify;\"><strong>\u0130\u015eGAL ED\u0130LEN KUD\u00dcS (SANA) &#8211;<\/strong> \u00a0\u0130srail i\u015fgal kuvvetlerinin Gazze \u015eeridi&#8217;nin kuzeyindeki Cebaliye kamp\u0131n\u0131 bug\u00fcn \u015fafak vakti bombalamas\u0131 sonucu 5 Filistinli \u015fehit oldu.<\/p>\n<p style=\"text-align: justify;\">Filistin medyas\u0131, i\u015fgal u\u00e7aklar\u0131n\u0131n kamp\u0131n El Alami b\u00f6lgesinde bir evi bombalad\u0131\u011f\u0131n\u0131, be\u015f Filistinlinin \u00f6ld\u00fc\u011f\u00fcn\u00fc, di\u011ferlerinin de yaraland\u0131\u011f\u0131n\u0131 bildirdi.<\/p>\n<p style=\"text-align: justify;\">\u0130\u015fgal top\u00e7usu ayr\u0131ca Gazze \u015eeridi&#8217;nin merkezindeki Nuseyrat kamp\u0131n\u0131n kuzey b\u00f6lgelerini de bombalad\u0131.<\/p>\n<p style=\"text-align: justify;\">\u0130\u015fgal g\u00fc\u00e7lerinin Gazze \u015eeridi&#8217;ne y\u00f6nelik sald\u0131rganl\u0131klar\u0131 7 Ekim&#8217;den bu yana kara, deniz ve havadan devam ediyor ve \u015fimdiye kadar 40 bin 939 Filistinlinin \u015fehit d\u00fc\u015fmesi, 4 bin 616 Filistinlinin de yaralanmas\u0131yla sonu\u00e7land\u0131. Bu durumda, binlerce kurban h\u00e2l\u00e2 moloz alt\u0131nda ve yollarda, ambulans ve kurtarma ekipleri ise onlara ula\u015fam\u0131yor.<\/p>\n<p style=\"text-align: center;\"><strong><a href=\"https:\/\/t.me\/SuriyeArapHaberAjansI\">Telegram Kanal\u0131m\u0131z\u00a0<\/a>||<a href=\"https:\/\/twitter.com\/arap_ajans\">X Platformumuz\u00a0<\/a>||<a href=\"https:\/\/www.facebook.com\/SANAHaberAjansi\/\">Facebook Sayfam\u0131z<\/a><\/strong><\/p>\n","protected":false},"excerpt":{"rendered":"<p>\u0130\u015eGAL ED\u0130LEN KUD\u00dcS (SANA) &#8211; \u00a0\u0130srail i\u015fgal kuvvetlerinin Gazze \u015eeridi&#8217;nin kuzeyindeki Cebaliye kamp\u0131n\u0131 bug\u00fcn \u015fafak vakti bombalamas\u0131 sonucu 5 Filistinli \u015fehit oldu. Filistin medyas\u0131, i\u015fgal u\u00e7aklar\u0131n\u0131n kamp\u0131n El Alami b\u00f6lgesinde bir evi bombalad\u0131\u011f\u0131n\u0131, be\u015f Filistinlinin \u00f6ld\u00fc\u011f\u00fcn\u00fc, di\u011ferlerinin de yaraland\u0131\u011f\u0131n\u0131 bildirdi. \u0130\u015fgal top\u00e7usu ayr\u0131ca Gazze \u015eeridi&#8217;nin merkezindeki Nuseyrat kamp\u0131n\u0131n kuzey b\u00f6lgelerini de bombalad\u0131. \u0130\u015fgal g\u00fc\u00e7lerinin Gazze &hellip;<\/p>\n","protected":false},"author":39,"featured_media":308007,"comment_status":"closed","ping_status":"closed","sticky":false,"template":"","format":"standard","meta":{"footnotes":""},"categories":[458,459,17988],"tags":[],"class_list":["post-308003","post","type-post","status-publish","format-standard","has-post-thumbnail","","category-dunya1","category-haberler-arap-uluslararasi-politika","category-son-haberler"],"_links":{"self":[{"href":"https:\/\/archive.sana.sy\/tr\/index.php?rest_route=\/wp\/v2\/posts\/308003","targetHints":{"allow":["GET"]}}],"collection":[{"href":"https:\/\/archive.sana.sy\/tr\/index.php?rest_route=\/wp\/v2\/posts"}],"about":[{"href":"https:\/\/archive.sana.sy\/tr\/index.php?rest_route=\/wp\/v2\/types\/post"}],"author":[{"embeddable":true,"href":"https:\/\/archive.sana.sy\/tr\/index.php?rest_route=\/wp\/v2\/users\/39"}],"replies":[{"embeddable":true,"href":"https:\/\/archive.sana.sy\/tr\/index.php?rest_route=%2Fwp%2Fv2%2Fcomments&post=308003"}],"version-history":[{"count":1,"href":"https:\/\/archive.sana.sy\/tr\/index.php?rest_route=\/wp\/v2\/posts\/308003\/revisions"}],"predecessor-version":[{"id":308008,"href":"https:\/\/archive.sana.sy\/tr\/index.php?rest_route=\/wp\/v2\/posts\/308003\/revisions\/308008"}],"wp:featuredmedia":[{"embeddable":true,"href":"https:\/\/archive.sana.sy\/tr\/index.php?rest_route=\/wp\/v2\/media\/308007"}],"wp:attachment":[{"href":"https:\/\/archive.sana.sy\/tr\/index.php?rest_route=%2Fwp%2Fv2%2Fmedia&parent=308003"}],"wp:term":[{"taxonomy":"category","embeddable":true,"href":"https:\/\/archive.sana.sy\/tr\/index.php?rest_route=%2Fwp%2Fv2%2Fcategories&post=308003"},{"taxonomy":"post_tag","embeddable":true,"href":"https:\/\/archive.sana.sy\/tr\/index.php?rest_route=%2Fwp%2Fv2%2Ftags&post=308003"}],"curies":[{"name":"wp","href":"https:\/\/api.w.org\/{rel}","templated":true}]}}