{"id":308037,"date":"2024-09-08T11:34:07","date_gmt":"2024-09-08T08:34:07","guid":{"rendered":"https:\/\/sana.sy\/tr\/?p=308037"},"modified":"2024-09-09T10:49:14","modified_gmt":"2024-09-09T07:49:14","slug":"aaihg-isgal-bir-ay-icinde-gazzedeki-16-siginma-okulunu-bombaladi","status":"publish","type":"post","link":"https:\/\/archive.sana.sy\/tr\/?p=308037","title":{"rendered":"AA\u0130HG: \u0130\u015fgal, Bir ay i\u00e7inde Gazze&#8217;deki 16 S\u0131\u011f\u0131nma Okulunu Bombalad\u0131"},"content":{"rendered":"<p style=\"text-align: justify;\"><strong>CENEVRE (SANA) &#8211;<\/strong>\u00a0 Avrupa-Akdeniz \u0130nsan Haklar\u0131 G\u00f6zlemevi, i\u015fgalci \u0130srail\u2019in bir ay i\u00e7inde Gazze&#8217;deki 16 s\u0131\u011f\u0131nma okulunu bombalayarak Filistin halk\u0131na kar\u015f\u0131 soyk\u0131r\u0131m su\u00e7unu s\u00fcrd\u00fcrd\u00fc\u011f\u00fcn\u00fc vurgulad\u0131.<\/p>\n<p style=\"text-align: justify;\">G\u00f6zlemevi bug\u00fcn yapt\u0131\u011f\u0131 a\u00e7\u0131klamada \u015funlar\u0131 s\u00f6yledi: \u201c\u0130\u015fgal ordusu, ge\u00e7ti\u011fimiz hafta Gazze ve Kuzey Gazze vilayetlerinde bar\u0131nma merkezleri ve \u00e7evrelerinin yan\u0131 s\u0131ra konutlar\u0131, toplant\u0131 yerlerini ve ticari tezgahlar\u0131 bombalayarak Filistinlilere y\u00f6nelik hedefini art\u0131rd\u0131.\u201d<\/p>\n<p style=\"text-align: justify;\">Avrupa-Akdeniz \u0130nsan Haklar\u0131 G\u00f6zlemevi, okullar\u0131n bombalanmas\u0131 ve yerinden edilmi\u015f ki\u015filerin ba\u015flar\u0131na y\u0131k\u0131lmas\u0131n\u0131n Gazze \u015eeridi&#8217;ndeki soyk\u0131r\u0131m su\u00e7unun fiilen uygulanmas\u0131n\u0131n bir par\u00e7as\u0131 oldu\u011funu ve Filistin topraklar\u0131n\u0131 m\u00fcmk\u00fcn olan en fazla say\u0131da Filistinliden bo\u015faltmay\u0131 ama\u00e7lad\u0131\u011f\u0131n\u0131 kaydetti.<\/p>\n<p style=\"text-align: justify;\">G\u00f6zlemevi ayr\u0131ca, i\u015fgal ordusunun, Filistinlileri ikamet alanlar\u0131n\u0131 terk etmeye ve zorla yerinden etmeye zorlayacak zorlay\u0131c\u0131 bir ortam yaratmak amac\u0131yla, okullar ve kamu tesisleri de dahil olmak \u00fczere \u015eerit&#8217;te kalan bar\u0131nma merkezlerini kas\u0131tl\u0131 olarak yok etti\u011fini belirtti.<\/p>\n<p style=\"text-align: center;\"><strong><a href=\"https:\/\/t.me\/SuriyeArapHaberAjansI\">Telegram Kanal\u0131m\u0131z\u00a0<\/a>||<a href=\"https:\/\/twitter.com\/arap_ajans\">X Platformumuz\u00a0<\/a>||<a href=\"https:\/\/www.facebook.com\/SANAHaberAjansi\/\">Facebook Sayfam\u0131z<\/a><\/strong><\/p>\n","protected":false},"excerpt":{"rendered":"<p>CENEVRE (SANA) &#8211;\u00a0 Avrupa-Akdeniz \u0130nsan Haklar\u0131 G\u00f6zlemevi, i\u015fgalci \u0130srail\u2019in bir ay i\u00e7inde Gazze&#8217;deki 16 s\u0131\u011f\u0131nma okulunu bombalayarak Filistin halk\u0131na kar\u015f\u0131 soyk\u0131r\u0131m su\u00e7unu s\u00fcrd\u00fcrd\u00fc\u011f\u00fcn\u00fc vurgulad\u0131. G\u00f6zlemevi bug\u00fcn yapt\u0131\u011f\u0131 a\u00e7\u0131klamada \u015funlar\u0131 s\u00f6yledi: \u201c\u0130\u015fgal ordusu, ge\u00e7ti\u011fimiz hafta Gazze ve Kuzey Gazze vilayetlerinde bar\u0131nma merkezleri ve \u00e7evrelerinin yan\u0131 s\u0131ra konutlar\u0131, toplant\u0131 yerlerini ve ticari tezgahlar\u0131 bombalayarak Filistinlilere y\u00f6nelik hedefini &hellip;<\/p>\n","protected":false},"author":41,"featured_media":308038,"comment_status":"closed","ping_status":"closed","sticky":false,"template":"","format":"standard","meta":{"footnotes":""},"categories":[458,459,17988],"tags":[40871,42294],"class_list":["post-308037","post","type-post","status-publish","format-standard","has-post-thumbnail","","category-dunya1","category-haberler-arap-uluslararasi-politika","category-son-haberler","tag-aaihg-isgal","tag-bir-ay-icinde-gazzedeki-16-siginma-okulunu-bombaladi"],"_links":{"self":[{"href":"https:\/\/archive.sana.sy\/tr\/index.php?rest_route=\/wp\/v2\/posts\/308037","targetHints":{"allow":["GET"]}}],"collection":[{"href":"https:\/\/archive.sana.sy\/tr\/index.php?rest_route=\/wp\/v2\/posts"}],"about":[{"href":"https:\/\/archive.sana.sy\/tr\/index.php?rest_route=\/wp\/v2\/types\/post"}],"author":[{"embeddable":true,"href":"https:\/\/archive.sana.sy\/tr\/index.php?rest_route=\/wp\/v2\/users\/41"}],"replies":[{"embeddable":true,"href":"https:\/\/archive.sana.sy\/tr\/index.php?rest_route=%2Fwp%2Fv2%2Fcomments&post=308037"}],"version-history":[{"count":1,"href":"https:\/\/archive.sana.sy\/tr\/index.php?rest_route=\/wp\/v2\/posts\/308037\/revisions"}],"predecessor-version":[{"id":308039,"href":"https:\/\/archive.sana.sy\/tr\/index.php?rest_route=\/wp\/v2\/posts\/308037\/revisions\/308039"}],"wp:featuredmedia":[{"embeddable":true,"href":"https:\/\/archive.sana.sy\/tr\/index.php?rest_route=\/wp\/v2\/media\/308038"}],"wp:attachment":[{"href":"https:\/\/archive.sana.sy\/tr\/index.php?rest_route=%2Fwp%2Fv2%2Fmedia&parent=308037"}],"wp:term":[{"taxonomy":"category","embeddable":true,"href":"https:\/\/archive.sana.sy\/tr\/index.php?rest_route=%2Fwp%2Fv2%2Fcategories&post=308037"},{"taxonomy":"post_tag","embeddable":true,"href":"https:\/\/archive.sana.sy\/tr\/index.php?rest_route=%2Fwp%2Fv2%2Ftags&post=308037"}],"curies":[{"name":"wp","href":"https:\/\/api.w.org\/{rel}","templated":true}]}}