{"id":308047,"date":"2024-09-08T09:55:24","date_gmt":"2024-09-08T06:55:24","guid":{"rendered":"https:\/\/sana.sy\/tr\/?p=308047"},"modified":"2024-09-09T10:45:48","modified_gmt":"2024-09-09T07:45:48","slug":"lubnan-direnisi-bircok-sinir-noktasinda-israil-dusmanini-hedef-aldi","status":"publish","type":"post","link":"https:\/\/archive.sana.sy\/tr\/?p=308047","title":{"rendered":"L\u00fcbnan Direni\u015fi Bir\u00e7ok S\u0131n\u0131r Noktas\u0131nda D\u00fc\u015fman \u0130srail&#8217;i Hedef Ald\u0131"},"content":{"rendered":"<p style=\"text-align: justify;\"><strong>BEYRUT (SANA) &#8211;<\/strong>\u00a0 Bug\u00fcn yap\u0131lan a\u00e7\u0131klamaya g\u00f6re L\u00fcbnan direni\u015fi, Ras Nakura deniz sahas\u0131ndaki \u0130srail d\u00fc\u015fman\u0131na sald\u0131r\u0131 filosuyla subay ve askerlerinin yerlerini hedef alan bir hava sald\u0131r\u0131s\u0131 ba\u015flatt\u0131.<\/p>\n<p style=\"text-align: justify;\">Benzer bir a\u00e7\u0131l\u015famada Direni\u015f, i\u015fgal alt\u0131ndaki L\u00fcbnan&#8217;\u0131n Kafr \u015euba tepelerindeki \u201cRuveysit El Alam\u201d b\u00f6lgesi ile i\u015fgal alt\u0131ndaki Filistin&#8217;in kuzeyindeki El Malikiye b\u00f6lgesindeki d\u00fc\u015fman \u0130srail\u2019e ait casus ekipmanlar\u0131n\u0131 uygun silahlarla hedef ald\u0131\u011f\u0131n\u0131 ve imha etti\u011fini duyurdu.<\/p>\n<p style=\"text-align: justify;\">Direni\u015f ayr\u0131ca L\u00fcbnan-Filistin s\u0131n\u0131r\u0131ndaki &#8220;Ebu Decc&#8221; tepelerinde toplanan \u0130srail d\u00fc\u015fman askerlerini de top mermileriyle hedef alarak do\u011frudan isabet sa\u011flad\u0131.<\/p>\n<p style=\"text-align: justify;\">A\u00e7\u0131klamalarda, bu operasyonlar\u0131n Gazze \u015eeridi&#8217;ndeki kararl\u0131 Filistin halk\u0131na ve onlar\u0131n yi\u011fit direni\u015fine destek \u00e7er\u00e7evesinde ve d\u00fc\u015fman\u0131n g\u00fcneydeki kararl\u0131 k\u00f6ylere ve g\u00fcvenli evlere y\u00f6nelik tekrarlanan sald\u0131r\u0131lar\u0131na yan\u0131t olarak ger\u00e7ekle\u015ftirildi\u011fi da vurguland\u0131.<\/p>\n<p style=\"text-align: center;\"><strong><a href=\"https:\/\/t.me\/SuriyeArapHaberAjansI\">Telegram Kanal\u0131m\u0131z\u00a0<\/a>||<a href=\"https:\/\/twitter.com\/arap_ajans\">X Platformumuz\u00a0<\/a>||<a href=\"https:\/\/www.facebook.com\/SANAHaberAjansi\/\">Facebook Sayfam\u0131z<\/a><\/strong><\/p>\n","protected":false},"excerpt":{"rendered":"<p>BEYRUT (SANA) &#8211;\u00a0 Bug\u00fcn yap\u0131lan a\u00e7\u0131klamaya g\u00f6re L\u00fcbnan direni\u015fi, Ras Nakura deniz sahas\u0131ndaki \u0130srail d\u00fc\u015fman\u0131na sald\u0131r\u0131 filosuyla subay ve askerlerinin yerlerini hedef alan bir hava sald\u0131r\u0131s\u0131 ba\u015flatt\u0131. Benzer bir a\u00e7\u0131l\u015famada Direni\u015f, i\u015fgal alt\u0131ndaki L\u00fcbnan&#8217;\u0131n Kafr \u015euba tepelerindeki \u201cRuveysit El Alam\u201d b\u00f6lgesi ile i\u015fgal alt\u0131ndaki Filistin&#8217;in kuzeyindeki El Malikiye b\u00f6lgesindeki d\u00fc\u015fman \u0130srail\u2019e ait casus ekipmanlar\u0131n\u0131 uygun &hellip;<\/p>\n","protected":false},"author":41,"featured_media":308048,"comment_status":"closed","ping_status":"closed","sticky":false,"template":"","format":"standard","meta":{"footnotes":""},"categories":[458,459,17988],"tags":[42295],"class_list":["post-308047","post","type-post","status-publish","format-standard","has-post-thumbnail","","category-dunya1","category-haberler-arap-uluslararasi-politika","category-son-haberler","tag-lubnan-direnisi-bircok-sinir-noktasinda-israil-dusmanini-hedef-aldi"],"_links":{"self":[{"href":"https:\/\/archive.sana.sy\/tr\/index.php?rest_route=\/wp\/v2\/posts\/308047","targetHints":{"allow":["GET"]}}],"collection":[{"href":"https:\/\/archive.sana.sy\/tr\/index.php?rest_route=\/wp\/v2\/posts"}],"about":[{"href":"https:\/\/archive.sana.sy\/tr\/index.php?rest_route=\/wp\/v2\/types\/post"}],"author":[{"embeddable":true,"href":"https:\/\/archive.sana.sy\/tr\/index.php?rest_route=\/wp\/v2\/users\/41"}],"replies":[{"embeddable":true,"href":"https:\/\/archive.sana.sy\/tr\/index.php?rest_route=%2Fwp%2Fv2%2Fcomments&post=308047"}],"version-history":[{"count":2,"href":"https:\/\/archive.sana.sy\/tr\/index.php?rest_route=\/wp\/v2\/posts\/308047\/revisions"}],"predecessor-version":[{"id":308053,"href":"https:\/\/archive.sana.sy\/tr\/index.php?rest_route=\/wp\/v2\/posts\/308047\/revisions\/308053"}],"wp:featuredmedia":[{"embeddable":true,"href":"https:\/\/archive.sana.sy\/tr\/index.php?rest_route=\/wp\/v2\/media\/308048"}],"wp:attachment":[{"href":"https:\/\/archive.sana.sy\/tr\/index.php?rest_route=%2Fwp%2Fv2%2Fmedia&parent=308047"}],"wp:term":[{"taxonomy":"category","embeddable":true,"href":"https:\/\/archive.sana.sy\/tr\/index.php?rest_route=%2Fwp%2Fv2%2Fcategories&post=308047"},{"taxonomy":"post_tag","embeddable":true,"href":"https:\/\/archive.sana.sy\/tr\/index.php?rest_route=%2Fwp%2Fv2%2Ftags&post=308047"}],"curies":[{"name":"wp","href":"https:\/\/api.w.org\/{rel}","templated":true}]}}