{"id":308054,"date":"2024-09-08T03:16:38","date_gmt":"2024-09-08T00:16:38","guid":{"rendered":"https:\/\/sana.sy\/tr\/?p=308054"},"modified":"2024-09-09T10:45:42","modified_gmt":"2024-09-09T07:45:42","slug":"filistin-baskanligi-baskenti-kudus-olan-bir-filistin-devleti-kurmak-guvenlik-ve-istikrari-saglamanin-tek-yoludur","status":"publish","type":"post","link":"https:\/\/archive.sana.sy\/tr\/?p=308054","title":{"rendered":"Filistin Ba\u015fkanl\u0131\u011f\u0131: Ba\u015fkenti Kud\u00fcs Olan Bir Filistin Devleti Kurmak, G\u00fcvenlik Ve \u0130stikrar\u0131 Sa\u011flaman\u0131n Tek Yoludur"},"content":{"rendered":"<p style=\"text-align: justify;\"><strong>\u0130\u015eGAL ED\u0130LEN KUD\u00dcS (SANA)<\/strong> &#8211;\u00a0 Filistin ba\u015fkanl\u0131\u011f\u0131, b\u00f6lgede g\u00fcvenlik ve istikrar\u0131 sa\u011flaman\u0131n tek yolunun uluslararas\u0131 me\u015fruiyetin tan\u0131nmas\u0131 ve Filistin halk\u0131n\u0131n ba\u015fkenti Kud\u00fcs olan ba\u011f\u0131ms\u0131z bir devlet kurma hakk\u0131n\u0131n tan\u0131nmas\u0131 oldu\u011funu do\u011frulad\u0131.<\/p>\n<p style=\"text-align: justify;\">Ba\u015fkanl\u0131k s\u00f6zc\u00fcs\u00fc Nebil Ebu Rudayna bug\u00fcn Wafa Ajans\u0131 taraf\u0131ndan bildirilen bir a\u00e7\u0131klamada \u015funlar\u0131 s\u00f6yledi: \u201c\u0130srail&#8217;in Filistin halk\u0131na y\u00f6nelik sald\u0131rganl\u0131\u011f\u0131n\u0131n devam etmesi ve i\u015fgalin Amerikan deste\u011fiyle soyk\u0131r\u0131m su\u00e7lar\u0131 i\u015flemesi b\u00f6lgedeki alevleri daha da art\u0131racakt\u0131r. B\u00f6lgeyi yakacak bu patlamay\u0131 kontrol alt\u0131na almak i\u00e7in hi\u00e7bir b\u00f6lgesel veya uluslararas\u0131 \u00e7aba ba\u015far\u0131l\u0131 olamayacak.&#8221;<\/p>\n<p style=\"text-align: justify;\">Ebu Rudayna, i\u015fgalin as\u0131l amac\u0131n\u0131n Kud\u00fcs&#8217;e ve kutsallar\u0131na, bu topraklar\u0131n ulusal kimli\u011fine zarar vermek oldu\u011funun ancak Kud\u00fcs&#8217;\u00fcn bar\u0131\u015f\u0131n, g\u00fcvenli\u011fin ve istikrar\u0131n kap\u0131s\u0131 oldu\u011funun \u00e7ok iyi bilinmesi gerekti\u011fine dikkat \u00e7kerken, \u0130srail&#8217;in Amerika destekli politikalar\u0131n\u0131n, temelini Kud\u00fcs ve kutsal mekanlar\u0131n olu\u015fturdu\u011fu Filistin ulusal projesine zarar vermede ba\u015far\u0131l\u0131 olamayaca\u011f\u0131na i\u015faret etti.<\/p>\n<p style=\"text-align: center;\"><strong><a href=\"https:\/\/t.me\/SuriyeArapHaberAjansI\">Telegram Kanal\u0131m\u0131z\u00a0<\/a>||<a href=\"https:\/\/twitter.com\/arap_ajans\">X Platformumuz\u00a0<\/a>||<a href=\"https:\/\/www.facebook.com\/SANAHaberAjansi\/\">Facebook Sayfam\u0131z<\/a><\/strong><\/p>\n","protected":false},"excerpt":{"rendered":"<p>\u0130\u015eGAL ED\u0130LEN KUD\u00dcS (SANA) &#8211;\u00a0 Filistin ba\u015fkanl\u0131\u011f\u0131, b\u00f6lgede g\u00fcvenlik ve istikrar\u0131 sa\u011flaman\u0131n tek yolunun uluslararas\u0131 me\u015fruiyetin tan\u0131nmas\u0131 ve Filistin halk\u0131n\u0131n ba\u015fkenti Kud\u00fcs olan ba\u011f\u0131ms\u0131z bir devlet kurma hakk\u0131n\u0131n tan\u0131nmas\u0131 oldu\u011funu do\u011frulad\u0131. Ba\u015fkanl\u0131k s\u00f6zc\u00fcs\u00fc Nebil Ebu Rudayna bug\u00fcn Wafa Ajans\u0131 taraf\u0131ndan bildirilen bir a\u00e7\u0131klamada \u015funlar\u0131 s\u00f6yledi: \u201c\u0130srail&#8217;in Filistin halk\u0131na y\u00f6nelik sald\u0131rganl\u0131\u011f\u0131n\u0131n devam etmesi ve i\u015fgalin Amerikan &hellip;<\/p>\n","protected":false},"author":41,"featured_media":308055,"comment_status":"closed","ping_status":"closed","sticky":false,"template":"","format":"standard","meta":{"footnotes":""},"categories":[458,459,17988],"tags":[42296,42297],"class_list":["post-308054","post","type-post","status-publish","format-standard","has-post-thumbnail","","category-dunya1","category-haberler-arap-uluslararasi-politika","category-son-haberler","tag-filistin-baskanligi-baskenti-kudus-olan-bir-filistin-devleti-kurmak","tag-guvenlik-ve-istikrari-saglamanin-tek-yoludur"],"_links":{"self":[{"href":"https:\/\/archive.sana.sy\/tr\/index.php?rest_route=\/wp\/v2\/posts\/308054","targetHints":{"allow":["GET"]}}],"collection":[{"href":"https:\/\/archive.sana.sy\/tr\/index.php?rest_route=\/wp\/v2\/posts"}],"about":[{"href":"https:\/\/archive.sana.sy\/tr\/index.php?rest_route=\/wp\/v2\/types\/post"}],"author":[{"embeddable":true,"href":"https:\/\/archive.sana.sy\/tr\/index.php?rest_route=\/wp\/v2\/users\/41"}],"replies":[{"embeddable":true,"href":"https:\/\/archive.sana.sy\/tr\/index.php?rest_route=%2Fwp%2Fv2%2Fcomments&post=308054"}],"version-history":[{"count":1,"href":"https:\/\/archive.sana.sy\/tr\/index.php?rest_route=\/wp\/v2\/posts\/308054\/revisions"}],"predecessor-version":[{"id":308056,"href":"https:\/\/archive.sana.sy\/tr\/index.php?rest_route=\/wp\/v2\/posts\/308054\/revisions\/308056"}],"wp:featuredmedia":[{"embeddable":true,"href":"https:\/\/archive.sana.sy\/tr\/index.php?rest_route=\/wp\/v2\/media\/308055"}],"wp:attachment":[{"href":"https:\/\/archive.sana.sy\/tr\/index.php?rest_route=%2Fwp%2Fv2%2Fmedia&parent=308054"}],"wp:term":[{"taxonomy":"category","embeddable":true,"href":"https:\/\/archive.sana.sy\/tr\/index.php?rest_route=%2Fwp%2Fv2%2Fcategories&post=308054"},{"taxonomy":"post_tag","embeddable":true,"href":"https:\/\/archive.sana.sy\/tr\/index.php?rest_route=%2Fwp%2Fv2%2Ftags&post=308054"}],"curies":[{"name":"wp","href":"https:\/\/api.w.org\/{rel}","templated":true}]}}