{"id":308057,"date":"2024-09-08T19:46:34","date_gmt":"2024-09-08T16:46:34","guid":{"rendered":"https:\/\/sana.sy\/tr\/?p=308057"},"modified":"2024-09-12T08:20:30","modified_gmt":"2024-09-12T05:20:30","slug":"ticaret-degisimi-ve-ortak-isbirliginin-gelistirilmesi-alaninda-suriye-pakistan-gorusmeleri-duzenlendi","status":"publish","type":"post","link":"https:\/\/archive.sana.sy\/tr\/?p=308057","title":{"rendered":"Ticaret De\u011fi\u015fimi Ve Ortak \u0130\u015fbirli\u011finin Geli\u015ftirilmesi Alan\u0131nda Suriye-Pakistan G\u00f6r\u00fc\u015fmeleri D\u00fczenlendi"},"content":{"rendered":"<p style=\"text-align: justify;\"><strong>\u015eAM (SANA)<\/strong> &#8211;\u00a0 Ge\u00e7ici h\u00fck\u00fcmetin \u0130\u00e7 Ticaret ve T\u00fcketicinin Korunmas\u0131 Bakan\u0131 Muhsin Abd\u00fclkerim Ali, Pakistan&#8217;\u0131n <img loading=\"lazy\" decoding=\"async\" class=\"size-medium wp-image-308059 alignright\" src=\"http:\/\/sana.sy\/tr\/wp-content\/uploads\/2024\/09\/photo_2024-09-08_16-20-19-300x260.jpg\" alt=\"\" width=\"300\" height=\"260\" srcset=\"https:\/\/archive.sana.sy\/tr\/wp-content\/uploads\/2024\/09\/photo_2024-09-08_16-20-19-300x260.jpg 300w, https:\/\/archive.sana.sy\/tr\/wp-content\/uploads\/2024\/09\/photo_2024-09-08_16-20-19.jpg 660w\" sizes=\"auto, (max-width: 300px) 100vw, 300px\" \/>\u015eam B\u00fcy\u00fckel\u00e7isi \u015eahid Ahtar ve beraberindeki Pakistanl\u0131 i\u015fadamlar\u0131 ve t\u00fcccarlardan olu\u015fan heyetle, iki \u00fclke aras\u0131ndaki ortak i\u015fbirli\u011fini geli\u015ftirmek i\u00e7in ticaret al\u0131\u015fveri\u015fini art\u0131rman\u0131n yollar\u0131n\u0131 g\u00f6r\u00fc\u015ft\u00fc.<\/p>\n<p style=\"text-align: justify;\">Bakan Ali, bakanl\u0131\u011f\u0131n Suriye ile Pakistan aras\u0131ndaki i\u015fbirli\u011fini engelleyen t\u00fcm zorluk ve engelleri a\u015fma ve bu konuda iki halk\u0131n \u00e7\u0131kar\u0131na hizmet edecek kolayl\u0131klar sa\u011flama konusundaki kararl\u0131l\u0131\u011f\u0131n\u0131 dile getirierek, Bakanl\u0131\u011f\u0131n, iki \u00fclke aras\u0131ndaki bu toplant\u0131 ve bulu\u015fmalar sonucunda ortaya \u00e7\u0131kacak t\u00fcm i\u015fbirli\u011fi fikirlerini, \u00f6zellikle de takas sistemine g\u00f6re \u00fcr\u00fcn al\u0131\u015fveri\u015fi yap\u0131lmas\u0131 fikrini incelemeye haz\u0131r oldu\u011funu kaydetti.<\/p>\n<p style=\"text-align: justify;\">B\u00fcy\u00fckel\u00e7i Ahtar ise, Suriye taraf\u0131yla iki \u00fclkenin ortak \u00e7\u0131karlar\u0131n\u0131 g\u00f6zetecek \u015fekilde stratejik ili\u015fkiler geli\u015ftirme konusundaki isteklili\u011fini vurgularken, \u00fclkesinin bu toplant\u0131da sunulan \u015fekilde ortak i\u015fbirli\u011fine y\u00f6nelik t\u00fcm fikirleri g\u00f6r\u00fc\u015fmeye haz\u0131r oldu\u011funu ifade etti.<\/p>\n<p style=\"text-align: center;\"><strong><a href=\"https:\/\/t.me\/SuriyeArapHaberAjansI\">Telegram Kanal\u0131m\u0131z\u00a0<\/a>||<a href=\"https:\/\/twitter.com\/arap_ajans\">X Platformumuz\u00a0<\/a>||<a href=\"https:\/\/www.facebook.com\/SANAHaberAjansi\/\">Facebook Sayfam\u0131z<\/a><\/strong><\/p>\n","protected":false},"excerpt":{"rendered":"<p>\u015eAM (SANA) &#8211;\u00a0 Ge\u00e7ici h\u00fck\u00fcmetin \u0130\u00e7 Ticaret ve T\u00fcketicinin Korunmas\u0131 Bakan\u0131 Muhsin Abd\u00fclkerim Ali, Pakistan&#8217;\u0131n \u015eam B\u00fcy\u00fckel\u00e7isi \u015eahid Ahtar ve beraberindeki Pakistanl\u0131 i\u015fadamlar\u0131 ve t\u00fcccarlardan olu\u015fan heyetle, iki \u00fclke aras\u0131ndaki ortak i\u015fbirli\u011fini geli\u015ftirmek i\u00e7in ticaret al\u0131\u015fveri\u015fini art\u0131rman\u0131n yollar\u0131n\u0131 g\u00f6r\u00fc\u015ft\u00fc. Bakan Ali, bakanl\u0131\u011f\u0131n Suriye ile Pakistan aras\u0131ndaki i\u015fbirli\u011fini engelleyen t\u00fcm zorluk ve engelleri a\u015fma ve bu &hellip;<\/p>\n","protected":false},"author":41,"featured_media":308058,"comment_status":"closed","ping_status":"closed","sticky":false,"template":"","format":"standard","meta":{"footnotes":""},"categories":[485,486,17988],"tags":[42298],"class_list":["post-308057","post","type-post","status-publish","format-standard","has-post-thumbnail","","category-is-ve-sermaye","category-haberler-is-ve-sermaye","category-son-haberler","tag-ticaret-degisimi-ve-ortak-isbirliginin-gelistirilmesi-alaninda-suriye-pakistan-gorusmeleri-duzenlendi"],"_links":{"self":[{"href":"https:\/\/archive.sana.sy\/tr\/index.php?rest_route=\/wp\/v2\/posts\/308057","targetHints":{"allow":["GET"]}}],"collection":[{"href":"https:\/\/archive.sana.sy\/tr\/index.php?rest_route=\/wp\/v2\/posts"}],"about":[{"href":"https:\/\/archive.sana.sy\/tr\/index.php?rest_route=\/wp\/v2\/types\/post"}],"author":[{"embeddable":true,"href":"https:\/\/archive.sana.sy\/tr\/index.php?rest_route=\/wp\/v2\/users\/41"}],"replies":[{"embeddable":true,"href":"https:\/\/archive.sana.sy\/tr\/index.php?rest_route=%2Fwp%2Fv2%2Fcomments&post=308057"}],"version-history":[{"count":1,"href":"https:\/\/archive.sana.sy\/tr\/index.php?rest_route=\/wp\/v2\/posts\/308057\/revisions"}],"predecessor-version":[{"id":308060,"href":"https:\/\/archive.sana.sy\/tr\/index.php?rest_route=\/wp\/v2\/posts\/308057\/revisions\/308060"}],"wp:featuredmedia":[{"embeddable":true,"href":"https:\/\/archive.sana.sy\/tr\/index.php?rest_route=\/wp\/v2\/media\/308058"}],"wp:attachment":[{"href":"https:\/\/archive.sana.sy\/tr\/index.php?rest_route=%2Fwp%2Fv2%2Fmedia&parent=308057"}],"wp:term":[{"taxonomy":"category","embeddable":true,"href":"https:\/\/archive.sana.sy\/tr\/index.php?rest_route=%2Fwp%2Fv2%2Fcategories&post=308057"},{"taxonomy":"post_tag","embeddable":true,"href":"https:\/\/archive.sana.sy\/tr\/index.php?rest_route=%2Fwp%2Fv2%2Ftags&post=308057"}],"curies":[{"name":"wp","href":"https:\/\/api.w.org\/{rel}","templated":true}]}}