{"id":30807,"date":"2015-04-25T12:30:32","date_gmt":"2015-04-25T09:30:32","guid":{"rendered":"http:\/\/www.sana.sy\/tr\/?p=30807"},"modified":"2015-04-26T11:30:26","modified_gmt":"2015-04-26T08:30:26","slug":"caferi-guvenlik-konseyi-kararlari-konseyin-kendi-uyeleri-tarafindan-ihlal-ediliyor","status":"publish","type":"post","link":"https:\/\/archive.sana.sy\/tr\/?p=30807","title":{"rendered":"Caferi: Suriye Halk\u0131n\u0131n Se\u00e7enekleriyle \u0130lgili Hi\u00e7 Kimsenin Konu\u015fma Hakk\u0131 Yoktur"},"content":{"rendered":"<p>NEW YORK \u2013 Suriye&#8217;nin BM\u2019de Daimi Temsilcisi Be\u015f\u015far el Caferi bug\u00fcn Uluslararas\u0131 G\u00fcvenlik Konseyinin Ortado\u011fu\u2019daki Durumlarla \u0130lgili d\u00fczenledi\u011fi toplant\u0131ya kat\u0131ld\u0131.<\/p>\n<p>Caferi, G\u00fcvenlik Konseyinin Suriye&#8217;nin egemenlik ve ba\u011f\u0131ms\u0131zl\u0131\u011f\u0131na ili\u015fkin kararlar\u0131n G\u00fcvenlik Konseyi \u00fcyesi kimi devletler taraf\u0131ndan ihlal edildi\u011fini dile getirdi.<\/p>\n<p>Kimi devletlerin topraklar\u0131n\u0131 Suriye&#8217;ye gelen ter\u00f6ristlerin kullan\u0131m\u0131na a\u00e7mas\u0131 kar\u015f\u0131s\u0131nda sessiz kal\u0131nd\u0131\u011f\u0131 s\u00fcrece Suriye&#8217;de insani krizin sona ermesinin m\u00fcmk\u00fcn olmad\u0131\u011f\u0131n\u0131 ifade eden Caferi; kimi devletlerin, siyasi ajandalar\u0131n\u0131 ger\u00e7ekle\u015ftirmek i\u00e7in ter\u00f6r\u00fc bir ara\u00e7 olarak kullanmaya devam ettiklerini hat\u0131rlatt\u0131.<\/p>\n<p><span style=\"color: #0000ff\">Kimi Devletler Suriye&#8217;deki \u0130nsani Kriz G\u00f6r\u00fcnt\u00fclerini D\u0131\u015f M\u00fcdahale \u0130\u00e7in Ara\u00e7 Olarak Kullan\u0131yor<\/span><\/p>\n<p>Kimi devletlerin topraklar\u0131n\u0131 Suriye&#8217;ye gelen ter\u00f6ristlerin kullan\u0131m\u0131na a\u00e7mas\u0131 kar\u015f\u0131s\u0131nda sessiz kal\u0131nd\u0131\u011f\u0131 s\u00fcrece Suriye&#8217;de insani krizin sona ermesinin m\u00fcmk\u00fcn olmad\u0131\u011f\u0131n\u0131 ifade eden Caferi; kimi devletlerin, siyasi ajandalar\u0131n\u0131 ger\u00e7ekle\u015ftirmek i\u00e7in ter\u00f6r\u00fc bir ara\u00e7 olarak kullanmaya devam ettiklerini hat\u0131rlatt\u0131.<\/p>\n<p>G\u00fcvenlik Konseyinin 2139, 2165, 2191 nolu ve \u00f6zellikle de insani durumla ilgili ald\u0131\u011f\u0131 kararlar\u0131n Suriye&#8217;de uygulanma durumuna ili\u015fkin haz\u0131rlanan raporu de\u011ferlendiren Caferi; \u00e7\u00f6z\u00fclmesi gereken temel sorunlardan birinin, \u00fcz\u00fcnt\u00fc verici kimi g\u00f6r\u00fcnt\u00fclerin baz\u0131 devletler taraf\u0131ndan, Suriye&#8217;nin i\u00e7i\u015flerine m\u00fcdahale planlar\u0131n\u0131 uygulamak i\u00e7in ara\u00e7 olarak kullanmalar\u0131 sorunu oldu\u011funu dile getirdi.<\/p>\n<p>G\u00fcvenlik Konseyine, aralar\u0131nda G\u00fcvenlik Konseyi \u00fcyelerinin de bulundu\u011fu farkl\u0131 devletlerden Suriye&#8217;ye gelen ter\u00f6ristlerin listesini i\u00e7eren bir belge sunan Caferi; ter\u00f6r\u00fcn sadece Suriye&#8217;yi ilgilendiren bir problem olmad\u0131\u011f\u0131n\u0131n alt\u0131n\u0131 \u00e7izdi.<br \/>\nSuriye&#8217;de Il\u0131ml\u0131 Silahl\u0131 Muhalefet \u0130simlendirmesini Kullanan Devletler Kendi Topraklar\u0131nda Katliam Yapanlar\u0131 \u00c7i\u00e7eklerle mi Kar\u015f\u0131l\u0131yorlar?<\/p>\n<p>Caferi; \u201c\u2026 D\u00fc\u015f\u00fcn\u00fcn ki I\u015e\u0130D, Nusra Cephesi ya da ba\u015fka her hangi bir ter\u00f6r \u00f6rg\u00fct\u00fc, Suriye&#8217;de bulunan ter\u00f6r \u00f6rg\u00fctlerini \u0131l\u0131ml\u0131 muhalefet olarak isimlendiren devletlerden birinin bir kentine sald\u0131r\u0131yor. Kentte katliamlar ve y\u0131k\u0131mlar yap\u0131yor. Bu devletlerin tepkisi ne olur? Bu \u0131l\u0131ml\u0131 duruma nas\u0131l kar\u015f\u0131l\u0131k verirler? Demet demet \u00e7i\u00e7ekler mi takdim ederler yoksa bu katliam ve y\u0131k\u0131mlar\u0131 yapanlara insani yard\u0131m m\u0131 sa\u011flarlar. Ya da b\u00fct\u00fcn bunlardan \u00f6nce ABD, Fransa, \u0130ngiltere veya T\u00fcrkiye kendi topraklar\u0131nda bulunan tek bir katliamc\u0131-ter\u00f6rist i\u00e7in \u0131l\u0131ml\u0131 silahl\u0131 muhalefeti isimlendirmesinin kullan\u0131lmas\u0131n\u0131 kabul etme ihtimalleri var m\u0131? Tabii ki hay\u0131r \u015feklinde konu\u015ftu.<\/p>\n<p>Konu\u015fmas\u0131na \u201c\u2026Utan\u00e7 verici olan durum ayn\u0131 devletlerin kendi topraklar\u0131nda tek bir ter\u00f6ristin varl\u0131\u011f\u0131 durumunda b\u00fct\u00fcn d\u00fcnyay\u0131 aya\u011fa kald\u0131r\u0131yor olmas\u0131. \u00d6yle ki binlerce mil uza\u011f\u0131nda olan \u00fclkelerdeki ter\u00f6r\u00fcn kendileri i\u00e7in tehlike te\u015fkil etti\u011fini ilan ediyor ama her nas\u0131lsa ayn\u0131 zamanda bu ter\u00f6re kar\u015f\u0131 sava\u015fma hakk\u0131 da tan\u0131m\u0131yor\u2026\u201d \u015feklinde devam etti.<\/p>\n<p>Caferi; ABD liderli\u011finde kurulan \u201cUluslararas\u0131 Koalisyon\u201d g\u00fc\u00e7lerinin Rakka kentinde Duyma ve Konu\u015fma \u00d6z\u00fcrl\u00fc \u00c7ocuk Merkezini, I\u015e\u0130D\u2019e kar\u015f\u0131 m\u00fccadele bahanesi ile bombalamas\u0131 sonucu onlarca masum \u00e7ocuk ve yeti\u015fkinin hayat\u0131n\u0131 kaybetti\u011fini hat\u0131rlatt\u0131.<\/p>\n<p>G\u00fcvenlik Konseyi heyetiyle birlikte gelen bir temsilcinin, \u00fclkesinin BM Suriye \u00d6zel Temsilcisi Stefan De Mistura\u2019n\u0131n g\u00f6revini destekledi\u011fini iddia etmesi ve ayn\u0131 zamanda Suriye y\u00f6netimini siyasi \u00e7\u00f6z\u00fcm\u00fcn d\u0131\u015f\u0131nda tutmas\u0131n\u0131n garipli\u011fine dikkat \u00e7eken Caferi, bu tutumun ayn\u0131 zamanda G\u00fcvenlik Konseyi misak\u0131n\u0131n konsey \u00fcyesi devletlerin ba\u015fka devletlerin i\u00e7i\u015flerine m\u00fcdahale etmesini yasaklayan maddelerini de ihlal etti\u011fini vurguad\u0131.<\/p>\n<p>Kimileri, \u00e7\u00f6z\u00fcn\u00fcm herhangi bir d\u0131\u015f m\u00fcdahale olmadan Suriye \u00f6nc\u00fcl\u00fc\u011f\u00fcnde d\u00fczenlenen Suriyeli-Suriyeli ulusal diyalogu arac\u0131l\u0131\u011f\u0131yla gelece\u011fine inanmad\u0131klar\u0131 s\u00fcrece Suriye&#8217;de \u00e7\u00f6z\u00fcm\u00fcn sa\u011flanamayaca\u011f\u0131na i\u015faret eden Caferi, Suriye halk\u0131na kar\u015f\u0131 gayr\u0131 me\u015fru sert yapt\u0131r\u0131mlar\u0131n uyguland\u0131\u011f\u0131 bir ortamda insani sorunun nas\u0131l \u00e7\u00f6z\u00fclebilece\u011fini sorgulamak gerekti\u011fini belirtti.<\/p>\n<p>Kimi devletlerin \u201c\u0131l\u0131ml\u0131 silahl\u0131 muhalefet\u201d isimlendirmesi alt\u0131nda ter\u00f6r\u00fc desteklemeyi s\u00fcrd\u00fcrd\u00fc\u011f\u00fc m\u00fcddet\u00e7e Suriye&#8217;de insani krizin \u00e7\u00f6z\u00fcme kavu\u015faca\u011f\u0131 d\u00fc\u015f\u00fcncesinin mant\u0131k ve ger\u00e7ek d\u0131\u015f\u0131 oldu\u011funu vurgulayan Caferi; \u00e7\u00f6z\u00fcm\u00fcn ancak ve ancak ter\u00f6re kar\u015f\u0131 samimi bir \u015fekilde m\u00fccadele etmekle ba\u015flayaca\u011f\u0131n\u0131n alt\u0131n\u0131 \u00e7izdi.<\/p>\n<p><span style=\"color: #0000ff\">T\u00fcrkiye Delegesine Cevaben Caferi; Hi\u00e7 Kimsenin Suriye Halk\u0131n\u0131n Se\u00e7enekleri Hakk\u0131nda Konu\u015fma Hakk\u0131 Yoktur<\/span><\/p>\n<p>Caferi T\u00fcrkiye delegasyonun konu\u015fmas\u0131na cevap olarak, T\u00fcrkiye olsun veya ba\u015fkas\u0131 hi\u00e7 kimsenin, Suriye\u2019yi kimin y\u00f6netece\u011fine ve Suriye halk\u0131n\u0131n se\u00e7enekleri hakk\u0131nda konu\u015fma hakk\u0131n\u0131n olmad\u0131\u011f\u0131n\u0131, hi\u00e7 kimsenin T\u00fcrk halk\u0131 veya bu uluslararas\u0131 \u00f6rg\u00fcte \u00fcye \u00fclke halklar\u0131ndan her hangi di\u011fer bir halk\u0131n se\u00e7enekleri hakk\u0131nda konu\u015fma hakk\u0131n\u0131n olmad\u0131\u011f\u0131n\u0131 \u00f6yle ki, T\u00fcrk rejiminin bu ilkeyi bilmedi\u011fine dikkat \u00e7ekti.<\/p>\n<p>Caferi, Suriye\u2019de cereyan eden ve halen cereyan etmekte olan katliamlarda T\u00fcrk rejiminin parma\u011f\u0131 oldu\u011funu ispatlayan G\u00fcvenlik Konseyindeki bir \u00e7ok delilde g\u00f6r\u00fcld\u00fc\u011f\u00fcne i\u015faret etti.<\/p>\n<p>Caferi, buna en m\u00fcnasip \u00f6rne\u011fin T\u00fcrk rejiminin iki y\u0131l \u00f6nce Halep\u2019n Han el Asel Beldesinde kimyasal silah kullan\u0131lmas\u0131 olay\u0131nda ad\u0131n\u0131n ge\u00e7mesi oldu\u011funa dikkat \u00e7ekti.<\/p>\n<p>Caferi: Birle\u015fmi\u015f Milletler Genel sekreterinden Han el Asel\u2019de Kimyasal silah kullan\u0131m\u0131n\u0131n sorgulanmas\u0131 ile kimin kulland\u0131\u011f\u0131n\u0131n kimli\u011finin belirlenmesi hakk\u0131nda yard\u0131m istedi\u011fimizde sadece birinci \u015f\u0131kka cevap verdi\u011fini ve G\u00fcvenlik Konseyinde baz\u0131 n\u00fcfuzlu \u00fclkelerle isti\u015farelerde bulunamas\u0131 ard\u0131ndan : \u201cBu silah\u0131n Han el Asel\u2019de kullan\u0131l\u0131p kullan\u0131lmad\u0131\u011f\u0131 konusunda sizlere yard\u0131mc\u0131 olaca\u011f\u0131m. Lakin kimin kulland\u0131\u011f\u0131yla ilgili olarak sizlere s\u00f6z veremeyece\u011fim\u201d dedi\u011fini s\u00f6yledi.<\/p>\n<p>Caferi, T\u00fcrkiye dahilinden silah ka\u00e7\u0131r\u0131lmas\u0131nda T\u00fcrkiye\u2019nin parma\u011f\u0131n\u0131n oldu\u011funu ispat edene delillerin bulundu\u011funa, T\u00fcrkiye Ba\u015fbakan\u0131n\u0131n talimatlar\u0131 aksine silah ta\u015f\u0131yan ara\u00e7lar\u0131 durdurup arad\u0131klar\u0131 gerek\u00e7esiyle T\u00fcrk G\u00fcmr\u00fc\u011f\u00fcnde \u00fcst d\u00fczey memurlar\u0131n g\u00f6revlerinden al\u0131nd\u0131klar\u0131n\u0131 ve \u015fu anda T\u00fcrkiye dahilinde medyan\u0131n da konu\u015ftu\u011fu baz\u0131 davalar\u0131n g\u00f6r\u00fcld\u00fc\u011f\u00fcn\u00fc a\u00e7\u0131klad\u0131.<\/p>\n<p>Caferi:\u201dT\u00fcrk H\u00fck\u00fcmeti Suriye halk\u0131na k\u00f6t\u00fcl\u00fck yapma f\u0131rsatlar\u0131n\u0131n her t\u00fcr\u00fcn\u00fc yapt\u0131, Suriyeli m\u00fclteciler i\u00e7in kamplar\u0131 Suriye krizi hen\u00fcz ba\u015flamadan \u00f6nce kurdu, ayn\u0131 Irak\u2019\u0131n kuzeyinde ki K\u00fcrdistan\u2019da oldu\u011fu gibi, Amerika Ba\u015fkan\u0131 Barack Obama\u2019y\u0131 Suriye\u2019ye sald\u0131rmak i\u00e7in k\u0131\u015fk\u0131rt\u0131lmada Suriye ordusunun kimyasal silah kullanmakla itham edildi, Frans\u0131zlar da bunu yapt\u0131\u201d diye ifade etti.<\/p>\n<p>F.B. &#8211; M.M.-\u00a0S.\u015e<\/p>\n","protected":false},"excerpt":{"rendered":"<p>NEW YORK \u2013 Suriye&#8217;nin BM\u2019de Daimi Temsilcisi Be\u015f\u015far el Caferi bug\u00fcn Uluslararas\u0131 G\u00fcvenlik Konseyinin Ortado\u011fu\u2019daki Durumlarla \u0130lgili d\u00fczenledi\u011fi toplant\u0131ya kat\u0131ld\u0131. Caferi, G\u00fcvenlik Konseyinin Suriye&#8217;nin egemenlik ve ba\u011f\u0131ms\u0131zl\u0131\u011f\u0131na ili\u015fkin kararlar\u0131n G\u00fcvenlik Konseyi \u00fcyesi kimi devletler taraf\u0131ndan ihlal edildi\u011fini dile getirdi. Kimi devletlerin topraklar\u0131n\u0131 Suriye&#8217;ye gelen ter\u00f6ristlerin kullan\u0131m\u0131na a\u00e7mas\u0131 kar\u015f\u0131s\u0131nda sessiz kal\u0131nd\u0131\u011f\u0131 s\u00fcrece Suriye&#8217;de insani krizin sona &hellip;<\/p>\n","protected":false},"author":1,"featured_media":30850,"comment_status":"closed","ping_status":"closed","sticky":false,"template":"","format":"standard","meta":{"footnotes":""},"categories":[458,459,2554,2555],"tags":[14003],"class_list":["post-30807","post","type-post","status-publish","format-standard","has-post-thumbnail","","category-dunya1","category-haberler-arap-uluslararasi-politika","category-suriye-ve-dunya","category-suriye-ve-turkiye","tag-caferi-suriye-halkinin-secenekleriyle-ilgili-hic-kimsenin-konusma-hakki-yoktur"],"_links":{"self":[{"href":"https:\/\/archive.sana.sy\/tr\/index.php?rest_route=\/wp\/v2\/posts\/30807","targetHints":{"allow":["GET"]}}],"collection":[{"href":"https:\/\/archive.sana.sy\/tr\/index.php?rest_route=\/wp\/v2\/posts"}],"about":[{"href":"https:\/\/archive.sana.sy\/tr\/index.php?rest_route=\/wp\/v2\/types\/post"}],"author":[{"embeddable":true,"href":"https:\/\/archive.sana.sy\/tr\/index.php?rest_route=\/wp\/v2\/users\/1"}],"replies":[{"embeddable":true,"href":"https:\/\/archive.sana.sy\/tr\/index.php?rest_route=%2Fwp%2Fv2%2Fcomments&post=30807"}],"version-history":[{"count":0,"href":"https:\/\/archive.sana.sy\/tr\/index.php?rest_route=\/wp\/v2\/posts\/30807\/revisions"}],"wp:featuredmedia":[{"embeddable":true,"href":"https:\/\/archive.sana.sy\/tr\/index.php?rest_route=\/wp\/v2\/media\/30850"}],"wp:attachment":[{"href":"https:\/\/archive.sana.sy\/tr\/index.php?rest_route=%2Fwp%2Fv2%2Fmedia&parent=30807"}],"wp:term":[{"taxonomy":"category","embeddable":true,"href":"https:\/\/archive.sana.sy\/tr\/index.php?rest_route=%2Fwp%2Fv2%2Fcategories&post=30807"},{"taxonomy":"post_tag","embeddable":true,"href":"https:\/\/archive.sana.sy\/tr\/index.php?rest_route=%2Fwp%2Fv2%2Ftags&post=30807"}],"curies":[{"name":"wp","href":"https:\/\/api.w.org\/{rel}","templated":true}]}}