{"id":308097,"date":"2024-09-09T08:40:12","date_gmt":"2024-09-09T05:40:12","guid":{"rendered":"https:\/\/sana.sy\/tr\/?p=308097"},"modified":"2024-09-12T08:21:16","modified_gmt":"2024-09-12T05:21:16","slug":"308097","status":"publish","type":"post","link":"https:\/\/archive.sana.sy\/tr\/?p=308097","title":{"rendered":"\u0130srail&#8217;in Bureyic Ve Nuseyrat Kamplar\u0131n\u0131 Bombalamas\u0131 Sonucu 7 \u015eehit Ve \u00c7ok Say\u0131da Yaral\u0131"},"content":{"rendered":"<p style=\"text-align: justify;\"><strong>\u0130\u015eGAL ED\u0130LEN KUD\u00dcS (SANA)<\/strong> \u2013 \u0130\u015fgalci \u0130srail&#8217;in Gazze \u015eeridi&#8217;nin ortas\u0131ndaki Bureyic ve Nuseyrat kamplar\u0131ndaki iki evi bombalamas\u0131 sonucu 7 Filistinli \u015fehit d\u00fc\u015ft\u00fc, \u00e7ok say\u0131da ki\u015fi de yaraland\u0131.<\/p>\n<p style=\"text-align: justify;\">WAFA Haber Ajans\u0131, i\u015fgal u\u00e7a\u011f\u0131n\u0131n Gazze \u015eeridi&#8217;nin merkezindeki Bureij m\u00fclteci kamp\u0131ndaki bir evi bombalayarak 4 Filistinlinin \u015fehit d\u00fc\u015fmesine, di\u011ferlerinin de yaralanmas\u0131na yol a\u00e7t\u0131\u011f\u0131n\u0131 bildirdi.<\/p>\n<p style=\"text-align: justify;\">Ajans ayr\u0131ca, i\u015fgal u\u00e7a\u011f\u0131n\u0131n Gazze \u015eeridi&#8217;nin merkezindeki Nuseyrat kamp\u0131n\u0131n kuzeyindeki bir evi bombalad\u0131\u011f\u0131n\u0131, \u00fc\u00e7 Filistinlinin \u015fehit d\u00fc\u015ft\u00fc\u011f\u00fcn\u00fc ve di\u011ferlerinin de yaraland\u0131\u011f\u0131na i\u015faret etti.<\/p>\n<p style=\"text-align: center;\"><strong><a href=\"https:\/\/t.me\/SuriyeArapHaberAjansI\">Telegram Kanal\u0131m\u0131z\u00a0<\/a>||<a href=\"https:\/\/twitter.com\/arap_ajans\">X Platformumuz\u00a0<\/a>||<a href=\"https:\/\/www.facebook.com\/SANAHaberAjansi\/\">Facebook Sayfam\u0131z<\/a><\/strong><\/p>\n","protected":false},"excerpt":{"rendered":"<p>\u0130\u015eGAL ED\u0130LEN KUD\u00dcS (SANA) \u2013 \u0130\u015fgalci \u0130srail&#8217;in Gazze \u015eeridi&#8217;nin ortas\u0131ndaki Bureyic ve Nuseyrat kamplar\u0131ndaki iki evi bombalamas\u0131 sonucu 7 Filistinli \u015fehit d\u00fc\u015ft\u00fc, \u00e7ok say\u0131da ki\u015fi de yaraland\u0131. WAFA Haber Ajans\u0131, i\u015fgal u\u00e7a\u011f\u0131n\u0131n Gazze \u015eeridi&#8217;nin merkezindeki Bureij m\u00fclteci kamp\u0131ndaki bir evi bombalayarak 4 Filistinlinin \u015fehit d\u00fc\u015fmesine, di\u011ferlerinin de yaralanmas\u0131na yol a\u00e7t\u0131\u011f\u0131n\u0131 bildirdi. Ajans ayr\u0131ca, i\u015fgal u\u00e7a\u011f\u0131n\u0131n &hellip;<\/p>\n","protected":false},"author":39,"featured_media":308099,"comment_status":"closed","ping_status":"closed","sticky":false,"template":"","format":"standard","meta":{"footnotes":""},"categories":[458,459,17988],"tags":[42302],"class_list":["post-308097","post","type-post","status-publish","format-standard","has-post-thumbnail","","category-dunya1","category-haberler-arap-uluslararasi-politika","category-son-haberler","tag-israilin-bureij-ve-nuseyrat-kamplarini-bombalamasi-sonucu-7-sehit-ve-cok-sayida-yarali"],"_links":{"self":[{"href":"https:\/\/archive.sana.sy\/tr\/index.php?rest_route=\/wp\/v2\/posts\/308097","targetHints":{"allow":["GET"]}}],"collection":[{"href":"https:\/\/archive.sana.sy\/tr\/index.php?rest_route=\/wp\/v2\/posts"}],"about":[{"href":"https:\/\/archive.sana.sy\/tr\/index.php?rest_route=\/wp\/v2\/types\/post"}],"author":[{"embeddable":true,"href":"https:\/\/archive.sana.sy\/tr\/index.php?rest_route=\/wp\/v2\/users\/39"}],"replies":[{"embeddable":true,"href":"https:\/\/archive.sana.sy\/tr\/index.php?rest_route=%2Fwp%2Fv2%2Fcomments&post=308097"}],"version-history":[{"count":4,"href":"https:\/\/archive.sana.sy\/tr\/index.php?rest_route=\/wp\/v2\/posts\/308097\/revisions"}],"predecessor-version":[{"id":308156,"href":"https:\/\/archive.sana.sy\/tr\/index.php?rest_route=\/wp\/v2\/posts\/308097\/revisions\/308156"}],"wp:featuredmedia":[{"embeddable":true,"href":"https:\/\/archive.sana.sy\/tr\/index.php?rest_route=\/wp\/v2\/media\/308099"}],"wp:attachment":[{"href":"https:\/\/archive.sana.sy\/tr\/index.php?rest_route=%2Fwp%2Fv2%2Fmedia&parent=308097"}],"wp:term":[{"taxonomy":"category","embeddable":true,"href":"https:\/\/archive.sana.sy\/tr\/index.php?rest_route=%2Fwp%2Fv2%2Fcategories&post=308097"},{"taxonomy":"post_tag","embeddable":true,"href":"https:\/\/archive.sana.sy\/tr\/index.php?rest_route=%2Fwp%2Fv2%2Ftags&post=308097"}],"curies":[{"name":"wp","href":"https:\/\/api.w.org\/{rel}","templated":true}]}}