{"id":308103,"date":"2024-09-09T11:18:43","date_gmt":"2024-09-09T08:18:43","guid":{"rendered":"https:\/\/sana.sy\/tr\/?p=308103"},"modified":"2024-09-12T08:21:21","modified_gmt":"2024-09-12T05:21:21","slug":"israilin-lubnanin-guneyine-duzenledigi-hava-saldirisinda-4-kisi-yaralandi","status":"publish","type":"post","link":"https:\/\/archive.sana.sy\/tr\/?p=308103","title":{"rendered":"\u0130srail&#8217;in L\u00fcbnan&#8217;\u0131n G\u00fcneyine D\u00fczenledi\u011fi Hava Sald\u0131rganl\u0131\u011f\u0131nda 4 Ki\u015fi Yaraland\u0131"},"content":{"rendered":"<p><strong>BEYRUT (SANA) \u2013<\/strong> D\u00fc\u015fman \u0130srail u\u00e7aklar\u0131n\u0131n bug\u00fcn L\u00fcbnan&#8217;\u0131n g\u00fcneyindeki Hanin kasabas\u0131na d\u00fczenledi\u011fi hava sald\u0131rganl\u0131\u011f\u0131 sonucu 4 ki\u015fi yaraland\u0131.<\/p>\n<p>L\u00fcbnan Sa\u011fl\u0131k Bakanl\u0131\u011f\u0131, L\u00fcbnan Ulusal Haber Ajans\u0131&#8217;n\u0131n haberine g\u00f6re, yapt\u0131\u011f\u0131 a\u00e7\u0131klamada, d\u00fc\u015fman \u0130srail&#8217;in Hanin kasabas\u0131na d\u00fczenledi\u011fi hava sald\u0131rganl\u0131\u011f\u0131nda 4 ki\u015finin yaraland\u0131\u011f\u0131n\u0131 ve bunlar\u0131n tedavi i\u00e7in hastaneye kald\u0131r\u0131ld\u0131\u011f\u0131n\u0131 bildirdi.<\/p>\n<p>D\u00fc\u015fman\u0131 \u0130srail, Kafr Kila kasabas\u0131n\u0131n d\u0131\u015f mahallelerini de havan toplar\u0131yla bombalad\u0131.<\/p>\n<p style=\"text-align: center;\"><strong><a href=\"https:\/\/t.me\/SuriyeArapHaberAjansI\">Telegram Kanal\u0131m\u0131z\u00a0<\/a>||<a href=\"https:\/\/twitter.com\/arap_ajans\">X Platformumuz\u00a0<\/a>||<a href=\"https:\/\/www.facebook.com\/SANAHaberAjansi\/\">Facebook Sayfam\u0131z<\/a><\/strong><\/p>\n","protected":false},"excerpt":{"rendered":"<p>BEYRUT (SANA) \u2013 D\u00fc\u015fman \u0130srail u\u00e7aklar\u0131n\u0131n bug\u00fcn L\u00fcbnan&#8217;\u0131n g\u00fcneyindeki Hanin kasabas\u0131na d\u00fczenledi\u011fi hava sald\u0131rganl\u0131\u011f\u0131 sonucu 4 ki\u015fi yaraland\u0131. L\u00fcbnan Sa\u011fl\u0131k Bakanl\u0131\u011f\u0131, L\u00fcbnan Ulusal Haber Ajans\u0131&#8217;n\u0131n haberine g\u00f6re, yapt\u0131\u011f\u0131 a\u00e7\u0131klamada, d\u00fc\u015fman \u0130srail&#8217;in Hanin kasabas\u0131na d\u00fczenledi\u011fi hava sald\u0131rganl\u0131\u011f\u0131nda 4 ki\u015finin yaraland\u0131\u011f\u0131n\u0131 ve bunlar\u0131n tedavi i\u00e7in hastaneye kald\u0131r\u0131ld\u0131\u011f\u0131n\u0131 bildirdi. D\u00fc\u015fman\u0131 \u0130srail, Kafr Kila kasabas\u0131n\u0131n d\u0131\u015f mahallelerini de havan &hellip;<\/p>\n","protected":false},"author":39,"featured_media":308104,"comment_status":"closed","ping_status":"closed","sticky":false,"template":"","format":"standard","meta":{"footnotes":""},"categories":[458,459,17988],"tags":[],"class_list":["post-308103","post","type-post","status-publish","format-standard","has-post-thumbnail","","category-dunya1","category-haberler-arap-uluslararasi-politika","category-son-haberler"],"_links":{"self":[{"href":"https:\/\/archive.sana.sy\/tr\/index.php?rest_route=\/wp\/v2\/posts\/308103","targetHints":{"allow":["GET"]}}],"collection":[{"href":"https:\/\/archive.sana.sy\/tr\/index.php?rest_route=\/wp\/v2\/posts"}],"about":[{"href":"https:\/\/archive.sana.sy\/tr\/index.php?rest_route=\/wp\/v2\/types\/post"}],"author":[{"embeddable":true,"href":"https:\/\/archive.sana.sy\/tr\/index.php?rest_route=\/wp\/v2\/users\/39"}],"replies":[{"embeddable":true,"href":"https:\/\/archive.sana.sy\/tr\/index.php?rest_route=%2Fwp%2Fv2%2Fcomments&post=308103"}],"version-history":[{"count":2,"href":"https:\/\/archive.sana.sy\/tr\/index.php?rest_route=\/wp\/v2\/posts\/308103\/revisions"}],"predecessor-version":[{"id":308128,"href":"https:\/\/archive.sana.sy\/tr\/index.php?rest_route=\/wp\/v2\/posts\/308103\/revisions\/308128"}],"wp:featuredmedia":[{"embeddable":true,"href":"https:\/\/archive.sana.sy\/tr\/index.php?rest_route=\/wp\/v2\/media\/308104"}],"wp:attachment":[{"href":"https:\/\/archive.sana.sy\/tr\/index.php?rest_route=%2Fwp%2Fv2%2Fmedia&parent=308103"}],"wp:term":[{"taxonomy":"category","embeddable":true,"href":"https:\/\/archive.sana.sy\/tr\/index.php?rest_route=%2Fwp%2Fv2%2Fcategories&post=308103"},{"taxonomy":"post_tag","embeddable":true,"href":"https:\/\/archive.sana.sy\/tr\/index.php?rest_route=%2Fwp%2Fv2%2Ftags&post=308103"}],"curies":[{"name":"wp","href":"https:\/\/api.w.org\/{rel}","templated":true}]}}