{"id":30811,"date":"2015-04-25T10:13:29","date_gmt":"2015-04-25T07:13:29","guid":{"rendered":"http:\/\/www.sana.sy\/tr\/?p=30811"},"modified":"2015-04-25T10:13:29","modified_gmt":"2015-04-25T07:13:29","slug":"askeri-kaynak-ordu-birliklerimizin-dera-kirsali-tel-el-maal-kuzeyinde-nusra-cephesinden-teroristleri-oldurduklerini-ve-tel-el-mismise-sizma-girisimlerini-cokerttigini-soyledi","status":"publish","type":"post","link":"https:\/\/archive.sana.sy\/tr\/?p=30811","title":{"rendered":"Askeri kaynak , ordu birliklerimizin Dera k\u0131rsal\u0131 Tel el Maal Kuzeyinde Nusra Cephesinden ter\u00f6ristleri \u00f6ld\u00fcrd\u00fcklerini ve Tel el Mi\u015fmi\u015f\u2019e s\u0131zma giri\u015fimlerini \u00e7\u00f6kertti\u011fini s\u00f6yledi."},"content":{"rendered":"<p>Askeri kaynak , ordu birliklerimizin Dera k\u0131rsal\u0131 Tel el Maal Kuzeyinde Nusra Cephesinden ter\u00f6ristleri \u00f6ld\u00fcrd\u00fcklerini ve Tel el Mi\u015fmi\u015f\u2019e s\u0131zma giri\u015fimlerini \u00e7\u00f6kertti\u011fini s\u00f6yledi.<\/p>\n","protected":false},"excerpt":{"rendered":"<p>Askeri kaynak , ordu birliklerimizin Dera k\u0131rsal\u0131 Tel el Maal Kuzeyinde Nusra Cephesinden ter\u00f6ristleri \u00f6ld\u00fcrd\u00fcklerini ve Tel el Mi\u015fmi\u015f\u2019e s\u0131zma giri\u015fimlerini \u00e7\u00f6kertti\u011fini s\u00f6yledi.<\/p>\n","protected":false},"author":1,"featured_media":0,"comment_status":"closed","ping_status":"closed","sticky":false,"template":"","format":"standard","meta":{"footnotes":""},"categories":[1],"tags":[1031,14002],"class_list":["post-30811","post","type-post","status-publish","format-standard","","category-news-not-sorted","tag-askeri-kaynak","tag-ordu-birliklerimizin-dera-kirsali-tel-el-maal-kuzeyinde-nusra-cephesinden-teroristleri-oldurduklerini-ve-tel-el-mismise-sizma-girisimlerini-cokerttigini-soyledi"],"_links":{"self":[{"href":"https:\/\/archive.sana.sy\/tr\/index.php?rest_route=\/wp\/v2\/posts\/30811","targetHints":{"allow":["GET"]}}],"collection":[{"href":"https:\/\/archive.sana.sy\/tr\/index.php?rest_route=\/wp\/v2\/posts"}],"about":[{"href":"https:\/\/archive.sana.sy\/tr\/index.php?rest_route=\/wp\/v2\/types\/post"}],"author":[{"embeddable":true,"href":"https:\/\/archive.sana.sy\/tr\/index.php?rest_route=\/wp\/v2\/users\/1"}],"replies":[{"embeddable":true,"href":"https:\/\/archive.sana.sy\/tr\/index.php?rest_route=%2Fwp%2Fv2%2Fcomments&post=30811"}],"version-history":[{"count":0,"href":"https:\/\/archive.sana.sy\/tr\/index.php?rest_route=\/wp\/v2\/posts\/30811\/revisions"}],"wp:attachment":[{"href":"https:\/\/archive.sana.sy\/tr\/index.php?rest_route=%2Fwp%2Fv2%2Fmedia&parent=30811"}],"wp:term":[{"taxonomy":"category","embeddable":true,"href":"https:\/\/archive.sana.sy\/tr\/index.php?rest_route=%2Fwp%2Fv2%2Fcategories&post=30811"},{"taxonomy":"post_tag","embeddable":true,"href":"https:\/\/archive.sana.sy\/tr\/index.php?rest_route=%2Fwp%2Fv2%2Ftags&post=30811"}],"curies":[{"name":"wp","href":"https:\/\/api.w.org\/{rel}","templated":true}]}}