{"id":308112,"date":"2024-09-09T11:46:40","date_gmt":"2024-09-09T08:46:40","guid":{"rendered":"https:\/\/sana.sy\/tr\/?p=308112"},"modified":"2024-09-12T08:21:34","modified_gmt":"2024-09-12T05:21:34","slug":"filistin-islami-cihad-hareketi-israilin-hama-kirsalindaki-bircok-bolgelere-yonelik-saldirganliklarini-kinadi","status":"publish","type":"post","link":"https:\/\/archive.sana.sy\/tr\/?p=308112","title":{"rendered":"Filistin \u0130slami Cihad Hareketi, \u0130srail&#8217;in Hama K\u0131rsal\u0131ndaki Bir\u00e7ok B\u00f6lgelere Y\u00f6nelik Sald\u0131rganl\u0131klar\u0131n\u0131 K\u0131nad\u0131"},"content":{"rendered":"<p style=\"text-align: justify;\"><strong>\u0130\u015eGAL ED\u0130LEN KUD\u00dcS (SANA)<\/strong> \u2013 Filistin \u0130slami Cihad hareketi, \u0130srail&#8217;in Masyaf \u00e7evresindeki bir\u00e7ok b\u00f6lgeye y\u00f6nelik d\u00fczinelerce \u015fehit ve yaral\u0131ya yol a\u00e7an sald\u0131rganl\u0131\u011f\u0131n\u0131 k\u0131nayarak, Gazze \u015eeridi, Bat\u0131 \u015eeridi ve G\u00fcney L\u00fcbnan&#8217;daki su\u00e7 d\u00fc\u015fman\u0131 taraf\u0131ndan i\u015flenen sava\u015f su\u00e7lar\u0131na ek olarak bu sald\u0131rganl\u0131\u011f\u0131n bir sava\u015f su\u00e7u oldu\u011funu belirtti.<\/p>\n<p style=\"text-align: justify;\">Hareket bug\u00fcn yapt\u0131\u011f\u0131 a\u00e7\u0131klamada, &#8220;Suriye Arap Cumhuriyeti&#8217;ne ve onun karde\u015f halk\u0131na y\u00f6nelik canice Siyonist sald\u0131rganl\u0131\u011f\u0131 \u015fiddetle k\u0131n\u0131yoruz&#8221; diyerek, bu bariz sald\u0131rganl\u0131k, Siyonist varl\u0131\u011f\u0131n b\u00f6lgedeki t\u00fcm halklar\u0131n d\u00fc\u015fman\u0131 oldu\u011funu ve kendi hegemonyas\u0131n\u0131 cinayet, su\u00e7 ve sindirme yoluyla dayatmaya \u00e7al\u0131\u015ft\u0131\u011f\u0131n\u0131 vurgulad\u0131\u011f\u0131n\u0131, bunun i\u00e7in de t\u00fcm imkanlarla y\u00fczle\u015fmeyi gerektirdi\u011fini ifadelerini ekledi.<\/p>\n<p style=\"text-align: justify;\">Hareket, d\u00fc\u015fman\u0131n Filistin&#8217;deki su\u00e7lar\u0131 konusundaki uluslararas\u0131 sessizli\u011fin ve sald\u0131rganl\u0131\u011f\u0131n orta\u011f\u0131 olan Amerikan y\u00f6netiminin i\u015fgalci y\u00f6netimin h\u00fck\u00fcmetine sa\u011flad\u0131\u011f\u0131 \u00f6rt\u00fcn\u00fcn, sald\u0131rganl\u0131\u011f\u0131 cayd\u0131r\u0131c\u0131l\u0131k olmadan s\u00fcrd\u00fcrmeye te\u015fvik etti\u011fini a\u00e7\u0131klad\u0131.<\/p>\n<p style=\"text-align: justify;\">\u0130slami Cihad Hareketi, maruz kald\u0131\u011f\u0131 bariz sald\u0131rganl\u0131k kar\u015f\u0131s\u0131nda Suriye y\u00f6netimi ve halk\u0131yla dayan\u0131\u015fmas\u0131n\u0131 teyit ederek, yaral\u0131lara acil \u015fifa, \u015fehitlere rahmet temennilerini dile getirdi.<\/p>\n<p style=\"text-align: center;\"><strong><a href=\"https:\/\/t.me\/SuriyeArapHaberAjansI\">Telegram Kanal\u0131m\u0131z\u00a0<\/a>||<a href=\"https:\/\/twitter.com\/arap_ajans\">X Platformumuz\u00a0<\/a>||<a href=\"https:\/\/www.facebook.com\/SANAHaberAjansi\/\">Facebook Sayfam\u0131z<\/a><\/strong><\/p>\n","protected":false},"excerpt":{"rendered":"<p>\u0130\u015eGAL ED\u0130LEN KUD\u00dcS (SANA) \u2013 Filistin \u0130slami Cihad hareketi, \u0130srail&#8217;in Masyaf \u00e7evresindeki bir\u00e7ok b\u00f6lgeye y\u00f6nelik d\u00fczinelerce \u015fehit ve yaral\u0131ya yol a\u00e7an sald\u0131rganl\u0131\u011f\u0131n\u0131 k\u0131nayarak, Gazze \u015eeridi, Bat\u0131 \u015eeridi ve G\u00fcney L\u00fcbnan&#8217;daki su\u00e7 d\u00fc\u015fman\u0131 taraf\u0131ndan i\u015flenen sava\u015f su\u00e7lar\u0131na ek olarak bu sald\u0131rganl\u0131\u011f\u0131n bir sava\u015f su\u00e7u oldu\u011funu belirtti. Hareket bug\u00fcn yapt\u0131\u011f\u0131 a\u00e7\u0131klamada, &#8220;Suriye Arap Cumhuriyeti&#8217;ne ve onun karde\u015f &hellip;<\/p>\n","protected":false},"author":39,"featured_media":308113,"comment_status":"closed","ping_status":"closed","sticky":false,"template":"","format":"standard","meta":{"footnotes":""},"categories":[458,459,17988,2554],"tags":[],"class_list":["post-308112","post","type-post","status-publish","format-standard","has-post-thumbnail","","category-dunya1","category-haberler-arap-uluslararasi-politika","category-son-haberler","category-suriye-ve-dunya"],"_links":{"self":[{"href":"https:\/\/archive.sana.sy\/tr\/index.php?rest_route=\/wp\/v2\/posts\/308112","targetHints":{"allow":["GET"]}}],"collection":[{"href":"https:\/\/archive.sana.sy\/tr\/index.php?rest_route=\/wp\/v2\/posts"}],"about":[{"href":"https:\/\/archive.sana.sy\/tr\/index.php?rest_route=\/wp\/v2\/types\/post"}],"author":[{"embeddable":true,"href":"https:\/\/archive.sana.sy\/tr\/index.php?rest_route=\/wp\/v2\/users\/39"}],"replies":[{"embeddable":true,"href":"https:\/\/archive.sana.sy\/tr\/index.php?rest_route=%2Fwp%2Fv2%2Fcomments&post=308112"}],"version-history":[{"count":1,"href":"https:\/\/archive.sana.sy\/tr\/index.php?rest_route=\/wp\/v2\/posts\/308112\/revisions"}],"predecessor-version":[{"id":308114,"href":"https:\/\/archive.sana.sy\/tr\/index.php?rest_route=\/wp\/v2\/posts\/308112\/revisions\/308114"}],"wp:featuredmedia":[{"embeddable":true,"href":"https:\/\/archive.sana.sy\/tr\/index.php?rest_route=\/wp\/v2\/media\/308113"}],"wp:attachment":[{"href":"https:\/\/archive.sana.sy\/tr\/index.php?rest_route=%2Fwp%2Fv2%2Fmedia&parent=308112"}],"wp:term":[{"taxonomy":"category","embeddable":true,"href":"https:\/\/archive.sana.sy\/tr\/index.php?rest_route=%2Fwp%2Fv2%2Fcategories&post=308112"},{"taxonomy":"post_tag","embeddable":true,"href":"https:\/\/archive.sana.sy\/tr\/index.php?rest_route=%2Fwp%2Fv2%2Ftags&post=308112"}],"curies":[{"name":"wp","href":"https:\/\/api.w.org\/{rel}","templated":true}]}}