{"id":308132,"date":"2024-09-09T13:48:01","date_gmt":"2024-09-09T10:48:01","guid":{"rendered":"https:\/\/sana.sy\/tr\/?p=308132"},"modified":"2024-09-12T08:21:38","modified_gmt":"2024-09-12T05:21:38","slug":"iran-siyonistlerin-suriyeye-yonelik-saldirganligini-kinadi","status":"publish","type":"post","link":"https:\/\/archive.sana.sy\/tr\/?p=308132","title":{"rendered":"\u0130ran, Siyonistlerin Suriye&#8217;ye Y\u00f6nelik Sald\u0131rganl\u0131\u011f\u0131n\u0131 K\u0131nad\u0131"},"content":{"rendered":"<p style=\"text-align: justify;\"><strong>TAHRAN (SANA) \u2013<\/strong> \u0130ran D\u0131\u015fi\u015fleri Bakanl\u0131\u011f\u0131, onlarca \u015fehit ve yaralanmayla sonu\u00e7lanan Suriye&#8217;ye y\u00f6nelik canice Siyonist sald\u0131rganl\u0131\u011f\u0131n\u0131 k\u0131nad\u0131.<\/p>\n<p style=\"text-align: justify;\">Bakanl\u0131k s\u00f6zc\u00fcs\u00fc Nas\u0131r Kenani \u015funlar\u0131 s\u00f6yledi: &#8220;\u0130srail&#8217;in su\u00e7lar\u0131 Filistin ile s\u0131n\u0131rl\u0131 de\u011fil, Siyonist varl\u0131\u011f\u0131n Suriye, Gazze ve L\u00fcbnan&#8217;a y\u00f6nelik devam eden sald\u0131rganl\u0131\u011f\u0131, b\u00f6lgedeki sava\u015f\u0131 geni\u015fletme y\u00f6n\u00fcndeki \u00e7\u0131lg\u0131n politikalar\u0131n\u0131n bir devam\u0131d\u0131r&#8221; dedi.<\/p>\n<p style=\"text-align: justify;\">Kenani, Siyonist medyada \u0130ran&#8217;\u0131n Suriye&#8217;deki karargah\u0131n\u0131n hedef al\u0131nd\u0131\u011f\u0131 y\u00f6n\u00fcndeki haberleri yalanlad\u0131 ve bu varl\u0131\u011f\u0131 destekleyenlerin onu silahland\u0131rmay\u0131 b\u0131rakmas\u0131n\u0131n zaman\u0131n\u0131n geldi\u011fini vurgulad\u0131.<\/p>\n<p style=\"text-align: center;\"><strong><a href=\"https:\/\/t.me\/SuriyeArapHaberAjansI\">Telegram Kanal\u0131m\u0131z\u00a0<\/a>||<a href=\"https:\/\/twitter.com\/arap_ajans\">X Platformumuz\u00a0<\/a>||<a href=\"https:\/\/www.facebook.com\/SANAHaberAjansi\/\">Facebook Sayfam\u0131z<\/a><\/strong><\/p>\n","protected":false},"excerpt":{"rendered":"<p>TAHRAN (SANA) \u2013 \u0130ran D\u0131\u015fi\u015fleri Bakanl\u0131\u011f\u0131, onlarca \u015fehit ve yaralanmayla sonu\u00e7lanan Suriye&#8217;ye y\u00f6nelik canice Siyonist sald\u0131rganl\u0131\u011f\u0131n\u0131 k\u0131nad\u0131. Bakanl\u0131k s\u00f6zc\u00fcs\u00fc Nas\u0131r Kenani \u015funlar\u0131 s\u00f6yledi: &#8220;\u0130srail&#8217;in su\u00e7lar\u0131 Filistin ile s\u0131n\u0131rl\u0131 de\u011fil, Siyonist varl\u0131\u011f\u0131n Suriye, Gazze ve L\u00fcbnan&#8217;a y\u00f6nelik devam eden sald\u0131rganl\u0131\u011f\u0131, b\u00f6lgedeki sava\u015f\u0131 geni\u015fletme y\u00f6n\u00fcndeki \u00e7\u0131lg\u0131n politikalar\u0131n\u0131n bir devam\u0131d\u0131r&#8221; dedi. Kenani, Siyonist medyada \u0130ran&#8217;\u0131n Suriye&#8217;deki karargah\u0131n\u0131n hedef &hellip;<\/p>\n","protected":false},"author":39,"featured_media":308133,"comment_status":"closed","ping_status":"closed","sticky":false,"template":"","format":"standard","meta":{"footnotes":""},"categories":[458,459,17988],"tags":[3915,42301,42300],"class_list":["post-308132","post","type-post","status-publish","format-standard","has-post-thumbnail","","category-dunya1","category-haberler-arap-uluslararasi-politika","category-son-haberler","tag-iran","tag-iran-ve-israil-arasindak-savas","tag-siyonistlerin-suriyeye-yonelik-saldirganligini-kinadi"],"_links":{"self":[{"href":"https:\/\/archive.sana.sy\/tr\/index.php?rest_route=\/wp\/v2\/posts\/308132","targetHints":{"allow":["GET"]}}],"collection":[{"href":"https:\/\/archive.sana.sy\/tr\/index.php?rest_route=\/wp\/v2\/posts"}],"about":[{"href":"https:\/\/archive.sana.sy\/tr\/index.php?rest_route=\/wp\/v2\/types\/post"}],"author":[{"embeddable":true,"href":"https:\/\/archive.sana.sy\/tr\/index.php?rest_route=\/wp\/v2\/users\/39"}],"replies":[{"embeddable":true,"href":"https:\/\/archive.sana.sy\/tr\/index.php?rest_route=%2Fwp%2Fv2%2Fcomments&post=308132"}],"version-history":[{"count":4,"href":"https:\/\/archive.sana.sy\/tr\/index.php?rest_route=\/wp\/v2\/posts\/308132\/revisions"}],"predecessor-version":[{"id":308143,"href":"https:\/\/archive.sana.sy\/tr\/index.php?rest_route=\/wp\/v2\/posts\/308132\/revisions\/308143"}],"wp:featuredmedia":[{"embeddable":true,"href":"https:\/\/archive.sana.sy\/tr\/index.php?rest_route=\/wp\/v2\/media\/308133"}],"wp:attachment":[{"href":"https:\/\/archive.sana.sy\/tr\/index.php?rest_route=%2Fwp%2Fv2%2Fmedia&parent=308132"}],"wp:term":[{"taxonomy":"category","embeddable":true,"href":"https:\/\/archive.sana.sy\/tr\/index.php?rest_route=%2Fwp%2Fv2%2Fcategories&post=308132"},{"taxonomy":"post_tag","embeddable":true,"href":"https:\/\/archive.sana.sy\/tr\/index.php?rest_route=%2Fwp%2Fv2%2Ftags&post=308132"}],"curies":[{"name":"wp","href":"https:\/\/api.w.org\/{rel}","templated":true}]}}