{"id":308152,"date":"2024-09-09T16:49:29","date_gmt":"2024-09-09T13:49:29","guid":{"rendered":"https:\/\/sana.sy\/tr\/?p=308152"},"modified":"2024-09-12T08:21:46","modified_gmt":"2024-09-12T05:21:46","slug":"saglik-bakani-israilin-masyafa-saldirganligi-sonucu-18-vatandas-sehit-oldu-37-kisi-de-yaralandi","status":"publish","type":"post","link":"https:\/\/archive.sana.sy\/tr\/?p=308152","title":{"rendered":"Sa\u011fl\u0131k Bakan\u0131: \u0130srail&#8217;in Masyaf&#8217;a Sald\u0131rganl\u0131\u011f\u0131 \u00a0sonucu 18 Vatanda\u015f \u015eehit Oldu, 37 Ki\u015fi De Yaraland\u0131"},"content":{"rendered":"<p style=\"text-align: justify;\"><strong>HAMA (SANA)<\/strong> &#8211;\u00a0 Ge\u00e7ici h\u00fck\u00fcmetin Sa\u011fl\u0131k Bakan\u0131 Hasan Gabba\u015f, \u0130srail&#8217;in Masyaf b\u00f6lgesine y\u00f6nelik sald\u0131rganl\u0131\u011f\u0131nda \u015fu ana kadar ma\u011fdurlar\u0131n say\u0131s\u0131n\u0131n 18 \u015fehit ve 37 yaral\u0131 oldu\u011funu a\u00e7\u0131klad\u0131.<\/p>\n<p style=\"text-align: justify;\">Bakan Gabba\u015f, sald\u0131rganl\u0131\u011f\u0131n meydana gelmesinin hemen ard\u0131ndan Hama Valili\u011fi ve \u00e7evresindeki sa\u011fl\u0131k sekt\u00f6r\u00fcn\u00fcn Masyaf Ulusal Hastanesi ve yak\u0131ndaki hastanelerdeki yaral\u0131lara gerekli t\u00fcm t\u0131bbi hizmetleri sa\u011flamak i\u00e7in haz\u0131rl\u0131klar\u0131n\u0131n art\u0131r\u0131ld\u0131\u011f\u0131n\u0131 vurgularken,\u00a0 \u2018\u2019 Ambulans ve acil durum sistemi, olay yerinde veya yaral\u0131lar\u0131n g\u00fcvenli bir \u015fekilde ta\u015f\u0131nmas\u0131 s\u0131ras\u0131nda ve sald\u0131rganl\u0131k \u00a0b\u00f6lgelerinde herhangi bir ihbar al\u0131r almaz hayat kurtar\u0131c\u0131 hizmetler sunarak sald\u0131rganl\u0131\u011fa yan\u0131t verdi. \u00a0Sistem ayr\u0131ca Hama, Humus ve Tartus vilayetlerinde de seferber edildi\u2019\u2019 ifadelerini kulland\u0131.<\/p>\n<p><strong><a href=\"https:\/\/t.me\/SuriyeArapHaberAjansI\">Telegram Kanal\u0131m\u0131z\u00a0<\/a>||<a href=\"https:\/\/twitter.com\/arap_ajans\">X Platformumuz\u00a0<\/a>||<a href=\"https:\/\/www.facebook.com\/SANAHaberAjansi\/\">Facebook Sayfam\u0131z<\/a><\/strong><\/p>\n<div id='gallery-1' class='gallery galleryid-308152 gallery-columns-1 gallery-size-full'><figure class='gallery-item'>\n\t\t\t<div class='gallery-icon portrait'>\n\t\t\t\t<a href='https:\/\/archive.sana.sy\/tr\/?attachment_id=308154'><img loading=\"lazy\" decoding=\"async\" width=\"660\" height=\"990\" src=\"https:\/\/archive.sana.sy\/tr\/wp-content\/uploads\/2024\/09\/22.jpg\" class=\"attachment-full size-full\" alt=\"\" srcset=\"https:\/\/archive.sana.sy\/tr\/wp-content\/uploads\/2024\/09\/22.jpg 660w, https:\/\/archive.sana.sy\/tr\/wp-content\/uploads\/2024\/09\/22-200x300.jpg 200w\" sizes=\"auto, (max-width: 660px) 100vw, 660px\" \/><\/a>\n\t\t\t<\/div><\/figure>\n\t\t<\/div>\n\n","protected":false},"excerpt":{"rendered":"<p>HAMA (SANA) &#8211;\u00a0 Ge\u00e7ici h\u00fck\u00fcmetin Sa\u011fl\u0131k Bakan\u0131 Hasan Gabba\u015f, \u0130srail&#8217;in Masyaf b\u00f6lgesine y\u00f6nelik sald\u0131rganl\u0131\u011f\u0131nda \u015fu ana kadar ma\u011fdurlar\u0131n say\u0131s\u0131n\u0131n 18 \u015fehit ve 37 yaral\u0131 oldu\u011funu a\u00e7\u0131klad\u0131. Bakan Gabba\u015f, sald\u0131rganl\u0131\u011f\u0131n meydana gelmesinin hemen ard\u0131ndan Hama Valili\u011fi ve \u00e7evresindeki sa\u011fl\u0131k sekt\u00f6r\u00fcn\u00fcn Masyaf Ulusal Hastanesi ve yak\u0131ndaki hastanelerdeki yaral\u0131lara gerekli t\u00fcm t\u0131bbi hizmetleri sa\u011flamak i\u00e7in haz\u0131rl\u0131klar\u0131n\u0131n art\u0131r\u0131ld\u0131\u011f\u0131n\u0131 vurgularken,\u00a0 &hellip;<\/p>\n","protected":false},"author":41,"featured_media":308153,"comment_status":"closed","ping_status":"closed","sticky":false,"template":"","format":"standard","meta":{"footnotes":""},"categories":[479,575,17988,478],"tags":[42308,42309,42307],"class_list":["post-308152","post","type-post","status-publish","format-standard","has-post-thumbnail","","category-haberler-yerel","category-olaylar-ve-gercekler","category-son-haberler","category-yerel","tag-37-kisi-de-yaralandi","tag-israilin-suriyeye-suzenledigi-saldiri","tag-saglik-bakani-israilin-masyafa-saldirganligi-sonucu-18-vatandas-sehit-oldu"],"_links":{"self":[{"href":"https:\/\/archive.sana.sy\/tr\/index.php?rest_route=\/wp\/v2\/posts\/308152","targetHints":{"allow":["GET"]}}],"collection":[{"href":"https:\/\/archive.sana.sy\/tr\/index.php?rest_route=\/wp\/v2\/posts"}],"about":[{"href":"https:\/\/archive.sana.sy\/tr\/index.php?rest_route=\/wp\/v2\/types\/post"}],"author":[{"embeddable":true,"href":"https:\/\/archive.sana.sy\/tr\/index.php?rest_route=\/wp\/v2\/users\/41"}],"replies":[{"embeddable":true,"href":"https:\/\/archive.sana.sy\/tr\/index.php?rest_route=%2Fwp%2Fv2%2Fcomments&post=308152"}],"version-history":[{"count":1,"href":"https:\/\/archive.sana.sy\/tr\/index.php?rest_route=\/wp\/v2\/posts\/308152\/revisions"}],"predecessor-version":[{"id":308155,"href":"https:\/\/archive.sana.sy\/tr\/index.php?rest_route=\/wp\/v2\/posts\/308152\/revisions\/308155"}],"wp:featuredmedia":[{"embeddable":true,"href":"https:\/\/archive.sana.sy\/tr\/index.php?rest_route=\/wp\/v2\/media\/308153"}],"wp:attachment":[{"href":"https:\/\/archive.sana.sy\/tr\/index.php?rest_route=%2Fwp%2Fv2%2Fmedia&parent=308152"}],"wp:term":[{"taxonomy":"category","embeddable":true,"href":"https:\/\/archive.sana.sy\/tr\/index.php?rest_route=%2Fwp%2Fv2%2Fcategories&post=308152"},{"taxonomy":"post_tag","embeddable":true,"href":"https:\/\/archive.sana.sy\/tr\/index.php?rest_route=%2Fwp%2Fv2%2Ftags&post=308152"}],"curies":[{"name":"wp","href":"https:\/\/api.w.org\/{rel}","templated":true}]}}