{"id":3082,"date":"2014-06-14T17:31:53","date_gmt":"2014-06-14T14:31:53","guid":{"rendered":"http:\/\/sanasyria.org\/tr\/?p=3082"},"modified":"2014-06-15T13:38:58","modified_gmt":"2014-06-15T10:38:58","slug":"sivil-yerlesim-alanlari-yine-gaddar-saldirilara-maruz-kaldi","status":"publish","type":"post","link":"https:\/\/archive.sana.sy\/tr\/?p=3082","title":{"rendered":"Sivil yerle\u015fim Alanlar\u0131 Yine Gaddar Sald\u0131r\u0131lara Maruz Kald\u0131"},"content":{"rendered":"<p><span style=\"color: #800000\">\u015eAM \u2013 <\/span>\u015eam Emniyet M\u00fcd\u00fcrl\u00fc\u011f\u00fcnde yetkili bir kaynak ter\u00f6ristlerin bug\u00fcn \u015eam\u2019\u0131n sivil yerle\u015fim alanlar\u0131ndan Abbasiler, Bab Tuma ve el \u0130mara semtlerini havan mermileriyle hedef ald\u0131klar\u0131n\u0131 belirtti.<\/p>\n<p>Kaynak hain ter\u00f6r sald\u0131r\u0131lar\u0131 neticesinde 7 vatanda\u015f\u0131n yaraland\u0131\u011f\u0131n\u0131 aktar\u0131rken, \u00f6zel m\u00fclklerde b\u00fcy\u00fck hasarlar\u0131n olu\u015ftu\u011funu s\u00f6zlerine ekledi.<\/p>\n","protected":false},"excerpt":{"rendered":"<p>\u015eAM \u2013 \u015eam Emniyet M\u00fcd\u00fcrl\u00fc\u011f\u00fcnde yetkili bir kaynak ter\u00f6ristlerin bug\u00fcn \u015eam\u2019\u0131n sivil yerle\u015fim alanlar\u0131ndan Abbasiler, Bab Tuma ve el \u0130mara semtlerini havan mermileriyle hedef ald\u0131klar\u0131n\u0131 belirtti. Kaynak hain ter\u00f6r sald\u0131r\u0131lar\u0131 neticesinde 7 vatanda\u015f\u0131n yaraland\u0131\u011f\u0131n\u0131 aktar\u0131rken, \u00f6zel m\u00fclklerde b\u00fcy\u00fck hasarlar\u0131n olu\u015ftu\u011funu s\u00f6zlerine ekledi.<\/p>\n","protected":false},"author":1,"featured_media":3083,"comment_status":"closed","ping_status":"closed","sticky":false,"template":"","format":"standard","meta":{"footnotes":""},"categories":[479,575,478],"tags":[683],"class_list":["post-3082","post","type-post","status-publish","format-standard","has-post-thumbnail","","category-haberler-yerel","category-olaylar-ve-gercekler","category-yerel","tag-sivil-yerlesim-alanlari-yine-gaddar-saldirilara-maruz-kaldi"],"_links":{"self":[{"href":"https:\/\/archive.sana.sy\/tr\/index.php?rest_route=\/wp\/v2\/posts\/3082","targetHints":{"allow":["GET"]}}],"collection":[{"href":"https:\/\/archive.sana.sy\/tr\/index.php?rest_route=\/wp\/v2\/posts"}],"about":[{"href":"https:\/\/archive.sana.sy\/tr\/index.php?rest_route=\/wp\/v2\/types\/post"}],"author":[{"embeddable":true,"href":"https:\/\/archive.sana.sy\/tr\/index.php?rest_route=\/wp\/v2\/users\/1"}],"replies":[{"embeddable":true,"href":"https:\/\/archive.sana.sy\/tr\/index.php?rest_route=%2Fwp%2Fv2%2Fcomments&post=3082"}],"version-history":[{"count":0,"href":"https:\/\/archive.sana.sy\/tr\/index.php?rest_route=\/wp\/v2\/posts\/3082\/revisions"}],"wp:featuredmedia":[{"embeddable":true,"href":"https:\/\/archive.sana.sy\/tr\/index.php?rest_route=\/wp\/v2\/media\/3083"}],"wp:attachment":[{"href":"https:\/\/archive.sana.sy\/tr\/index.php?rest_route=%2Fwp%2Fv2%2Fmedia&parent=3082"}],"wp:term":[{"taxonomy":"category","embeddable":true,"href":"https:\/\/archive.sana.sy\/tr\/index.php?rest_route=%2Fwp%2Fv2%2Fcategories&post=3082"},{"taxonomy":"post_tag","embeddable":true,"href":"https:\/\/archive.sana.sy\/tr\/index.php?rest_route=%2Fwp%2Fv2%2Ftags&post=3082"}],"curies":[{"name":"wp","href":"https:\/\/api.w.org\/{rel}","templated":true}]}}