{"id":308288,"date":"2024-09-11T09:45:59","date_gmt":"2024-09-11T06:45:59","guid":{"rendered":"https:\/\/sana.sy\/tr\/?p=308288"},"modified":"2024-09-11T15:22:17","modified_gmt":"2024-09-11T12:22:17","slug":"kuba-devlet-baskani-israilin-gazzedeki-katliamlari-suriye-ve-lubnana-yonelik-saldirilari-onun-teror-orgutu-oldugunu-kanitladi","status":"publish","type":"post","link":"https:\/\/archive.sana.sy\/tr\/?p=308288","title":{"rendered":"K\u00fcba Devlet Ba\u015fkan\u0131: \u0130srail&#8217;in Gazze&#8217;deki Katliamlar\u0131, Suriye ve L\u00fcbnan&#8217;a Y\u00f6nelik Sald\u0131r\u0131lar\u0131 Onun Ter\u00f6r \u00d6rg\u00fct\u00fc Oldu\u011funu Kan\u0131tlad\u0131"},"content":{"rendered":"<p style=\"text-align: justify;\"><strong>HAVANA (SANA) &#8211; <\/strong>K\u00fcba Devlet Ba\u015fkan\u0131 Miguel Diaz-Canel, \u0130srail taraf\u0131n\u0131n Gazze&#8217;deki Filistin halk\u0131na kar\u015f\u0131 i\u015fledi\u011fi su\u00e7 ve katliamlar\u0131 k\u0131nad\u0131.<\/p>\n<p style=\"text-align: justify;\">Canel, bug\u00fcn \u201cX\u201d platformunda yapt\u0131\u011f\u0131 a\u00e7\u0131klamada, \u0130srail&#8217;in Han Yunus&#8217;ta yerinden edilmi\u015f ki\u015filere y\u00f6nelik su\u00e7 niteli\u011findeki bask\u0131nlar\u0131 ve son d\u00f6nemde Suriye ve L\u00fcbnan topraklar\u0131na y\u00f6nelik sald\u0131r\u0131lar\u0131, \u0130srail&#8217;in uluslararas\u0131 hukukun ve uluslararas\u0131 toplumun bar\u0131\u015f taleplerinin d\u0131\u015f\u0131nda kalan bir ter\u00f6r \u00f6rg\u00fct\u00fc oldu\u011funu do\u011frulamaktad\u0131r&#8221; ifadelerini kulland\u0131.<\/p>\n<p style=\"text-align: center;\"><strong><a href=\"https:\/\/t.me\/SuriyeArapHaberAjansI\">Telegram Kanal\u0131m\u0131z\u00a0<\/a>||<a href=\"https:\/\/twitter.com\/arap_ajans\">X Platformumuz\u00a0<\/a>||<a href=\"https:\/\/www.facebook.com\/SANAHaberAjansi\/\">Facebook Sayfam\u0131z<\/a><\/strong><\/p>\n","protected":false},"excerpt":{"rendered":"<p>HAVANA (SANA) &#8211; K\u00fcba Devlet Ba\u015fkan\u0131 Miguel Diaz-Canel, \u0130srail taraf\u0131n\u0131n Gazze&#8217;deki Filistin halk\u0131na kar\u015f\u0131 i\u015fledi\u011fi su\u00e7 ve katliamlar\u0131 k\u0131nad\u0131. Canel, bug\u00fcn \u201cX\u201d platformunda yapt\u0131\u011f\u0131 a\u00e7\u0131klamada, \u0130srail&#8217;in Han Yunus&#8217;ta yerinden edilmi\u015f ki\u015filere y\u00f6nelik su\u00e7 niteli\u011findeki bask\u0131nlar\u0131 ve son d\u00f6nemde Suriye ve L\u00fcbnan topraklar\u0131na y\u00f6nelik sald\u0131r\u0131lar\u0131, \u0130srail&#8217;in uluslararas\u0131 hukukun ve uluslararas\u0131 toplumun bar\u0131\u015f taleplerinin d\u0131\u015f\u0131nda kalan bir &hellip;<\/p>\n","protected":false},"author":36,"featured_media":308289,"comment_status":"closed","ping_status":"closed","sticky":false,"template":"","format":"standard","meta":{"footnotes":""},"categories":[458,589,459,17988],"tags":[],"class_list":["post-308288","post","type-post","status-publish","format-standard","has-post-thumbnail","","category-dunya1","category-haber-seridi","category-haberler-arap-uluslararasi-politika","category-son-haberler"],"_links":{"self":[{"href":"https:\/\/archive.sana.sy\/tr\/index.php?rest_route=\/wp\/v2\/posts\/308288","targetHints":{"allow":["GET"]}}],"collection":[{"href":"https:\/\/archive.sana.sy\/tr\/index.php?rest_route=\/wp\/v2\/posts"}],"about":[{"href":"https:\/\/archive.sana.sy\/tr\/index.php?rest_route=\/wp\/v2\/types\/post"}],"author":[{"embeddable":true,"href":"https:\/\/archive.sana.sy\/tr\/index.php?rest_route=\/wp\/v2\/users\/36"}],"replies":[{"embeddable":true,"href":"https:\/\/archive.sana.sy\/tr\/index.php?rest_route=%2Fwp%2Fv2%2Fcomments&post=308288"}],"version-history":[{"count":2,"href":"https:\/\/archive.sana.sy\/tr\/index.php?rest_route=\/wp\/v2\/posts\/308288\/revisions"}],"predecessor-version":[{"id":308297,"href":"https:\/\/archive.sana.sy\/tr\/index.php?rest_route=\/wp\/v2\/posts\/308288\/revisions\/308297"}],"wp:featuredmedia":[{"embeddable":true,"href":"https:\/\/archive.sana.sy\/tr\/index.php?rest_route=\/wp\/v2\/media\/308289"}],"wp:attachment":[{"href":"https:\/\/archive.sana.sy\/tr\/index.php?rest_route=%2Fwp%2Fv2%2Fmedia&parent=308288"}],"wp:term":[{"taxonomy":"category","embeddable":true,"href":"https:\/\/archive.sana.sy\/tr\/index.php?rest_route=%2Fwp%2Fv2%2Fcategories&post=308288"},{"taxonomy":"post_tag","embeddable":true,"href":"https:\/\/archive.sana.sy\/tr\/index.php?rest_route=%2Fwp%2Fv2%2Ftags&post=308288"}],"curies":[{"name":"wp","href":"https:\/\/api.w.org\/{rel}","templated":true}]}}