{"id":308294,"date":"2024-09-10T23:19:36","date_gmt":"2024-09-10T20:19:36","guid":{"rendered":"https:\/\/sana.sy\/tr\/?p=308294"},"modified":"2024-09-12T11:42:29","modified_gmt":"2024-09-12T08:42:29","slug":"arap-bakanlar-konseyi-new-yorktaki-arap-grubuna-israilin-bmgkuna-katilimini-dondurmak-icin-gerekli-adimlari-atmasi-gorevini-verdi","status":"publish","type":"post","link":"https:\/\/archive.sana.sy\/tr\/?p=308294","title":{"rendered":"Arap Bakanlar Konseyi, New York&#8217;taki Arap Grubuna \u0130srail&#8217;in BMGK\u2019una Kat\u0131l\u0131m\u0131n\u0131 Dondurmak \u0130\u00e7in Gerekli Ad\u0131mlar\u0131 Atmas\u0131 G\u00f6revini Verdi"},"content":{"rendered":"<p style=\"text-align: justify;\"><strong>KAH\u0130RE (SANA) &#8211;<\/strong> Arap Devletleri Birli\u011fi Konseyi, bu ak\u015fam Birli\u011fin Kahire&#8217;deki genel merkezinde d\u00fczenlenen bakanlar d\u00fczeyindeki 162. ola\u011fan oturumunun sonunda, bu oturumun g\u00fcndemindeki baz\u0131 maddelerin g\u00f6r\u00fc\u015f\u00fclmesinin bir sonraki 163. oturuma ertelenmesine ve Filistin meselesindeki geli\u015fmeler ve Arap-\u0130srail \u00e7at\u0131\u015fmas\u0131na ili\u015fkin karar olan tek bir karar al\u0131nmas\u0131na karar verdi.<\/p>\n<p style=\"text-align: justify;\">Karara g\u00f6re Lig Konseyi, \u0130srail&#8217;in Birle\u015fmi\u015f Milletler Genel Kuruluna kat\u0131l\u0131m\u0131n\u0131 dondurmak i\u00e7in ad\u0131mlar\u0131 ba\u015flatmak \u00fczere New York&#8217;taki Arap Grubunu g\u00f6revlendirdi. Bunun nedeni Birle\u015fmi\u015f Milletler \u015eart\u0131&#8217;n\u0131n ama\u00e7 ve ilkelerine uymamas\u0131, uluslararas\u0131 bar\u0131\u015f ve g\u00fcvenli\u011fe tehdit olu\u015fturmas\u0131 ve bunun i\u00e7in gerekli uluslararas\u0131 deste\u011fi seferber etmesidir.<\/p>\n<p style=\"text-align: justify;\">Kararda ayr\u0131ca Uluslararas\u0131 Adalet Divan\u0131&#8217;na, G\u00fcney Afrika Cumhuriyeti&#8217;nin &#8220;\u0130srail&#8221;e kar\u015f\u0131 a\u00e7t\u0131\u011f\u0131 davan\u0131n esas\u0131na ili\u015fkin karar\u0131n\u0131 h\u0131zland\u0131rmas\u0131 \u00e7a\u011fr\u0131s\u0131nda bulunuldu.<\/p>\n<p style=\"text-align: justify;\">\u0130srail i\u015fgal grubunun planlar\u0131n\u0131 ve Gazze \u015eeridi&#8217;nin herhangi bir k\u0131sm\u0131na kendi kontrol\u00fcn\u00fc dayatma planlar\u0131n\u0131 kategorik olarak reddetti\u011fini do\u011frulayan Konsey, \u0130srail&#8217;in Gazze \u015eeridi&#8217;nden tamamen \u00e7ekilmesi, Refah kap\u0131s\u0131n\u0131n ge\u00e7erli kurallara uygun olarak i\u015fletilmesinin gereklili\u011fi ve g\u00fcvenli, yeterli ve h\u0131zl\u0131 insani eri\u015fimin \u00f6n\u00fcndeki t\u00fcm engellerin kald\u0131r\u0131lmas\u0131 \u00e7a\u011fr\u0131s\u0131nda bulundu.<\/p>\n<p style=\"text-align: justify;\">Kararda &#8220;\u0130srail&#8221;in Gazze \u015eeridi&#8217;ndeki Filistin halk\u0131na kar\u015f\u0131 11 aydan fazla bir s\u00fcre boyunca soyk\u0131r\u0131m su\u00e7u i\u015flemesi ve \u015fehitler, yaral\u0131lar ve kay\u0131p ki\u015filer de dahil olmak \u00fczere 145.000&#8217;den fazla Filistinli sivili hedef almas\u0131 k\u0131nan\u0131rken, Birlik Konseyi&#8217;nin, \u0130srail i\u015fgal h\u00fck\u00fcmetinin ald\u0131\u011f\u0131 sald\u0131rgan politika ve \u00f6nlemleri ve i\u015fgal alt\u0131ndaki Bat\u0131 \u015eeria topraklar\u0131n\u0131 ilhak etme ve yerle\u015fimcilerin s\u00f6m\u00fcrgeci yay\u0131lma planlar\u0131ndaki \u0131srar\u0131n\u0131 reddetti\u011fi ve k\u0131nad\u0131\u011f\u0131 ifade edildi.\u00a0 Kararda ayr\u0131ca i\u015fgalci g\u00fc\u00e7 \u201c\u0130srail\u201din i\u015fgal alt\u0131ndaki Suriye Golan&#8217;\u0131n\u0131 ilhak ve yerle\u015fim politikalar\u0131ndaki \u0131srar\u0131n\u0131 da k\u0131nad\u0131.<\/p>\n<p style=\"text-align: justify;\">Kararda, \u0130srail&#8217;in Suriye Arap Cumhuriyeti&#8217;ne y\u00f6nelik ac\u0131mas\u0131z ve artan sald\u0131rganl\u0131\u011f\u0131 ve bu \u00fclkenin egemenli\u011finin ihlal edilmesi, su\u00e7 te\u015fkil eden ve uluslararas\u0131 hukukun ciddi ihlali te\u015fkil eden \u015fiddetle de k\u0131nand\u0131.<\/p>\n<p style=\"text-align: center;\"><strong><a href=\"https:\/\/t.me\/SuriyeArapHaberAjansI\">Telegram Kanal\u0131m\u0131z\u00a0<\/a>||<a href=\"https:\/\/twitter.com\/arap_ajans\">X Platformumuz\u00a0<\/a>||<a href=\"https:\/\/www.facebook.com\/SANAHaberAjansi\/\">Facebook Sayfam\u0131z<\/a><\/strong><\/p>\n","protected":false},"excerpt":{"rendered":"<p>KAH\u0130RE (SANA) &#8211; Arap Devletleri Birli\u011fi Konseyi, bu ak\u015fam Birli\u011fin Kahire&#8217;deki genel merkezinde d\u00fczenlenen bakanlar d\u00fczeyindeki 162. ola\u011fan oturumunun sonunda, bu oturumun g\u00fcndemindeki baz\u0131 maddelerin g\u00f6r\u00fc\u015f\u00fclmesinin bir sonraki 163. oturuma ertelenmesine ve Filistin meselesindeki geli\u015fmeler ve Arap-\u0130srail \u00e7at\u0131\u015fmas\u0131na ili\u015fkin karar olan tek bir karar al\u0131nmas\u0131na karar verdi. Karara g\u00f6re Lig Konseyi, \u0130srail&#8217;in Birle\u015fmi\u015f Milletler Genel &hellip;<\/p>\n","protected":false},"author":41,"featured_media":308295,"comment_status":"closed","ping_status":"closed","sticky":false,"template":"","format":"standard","meta":{"footnotes":""},"categories":[458,459,17988],"tags":[42323,42324],"class_list":["post-308294","post","type-post","status-publish","format-standard","has-post-thumbnail","","category-dunya1","category-haberler-arap-uluslararasi-politika","category-son-haberler","tag-arap-bakanlar-konseyi","tag-new-yorktaki-arap-grubuna-israilin-bmgkuna-katilimini-dondurmak-icin-gerekli-adimlari-atmasi-gorevini-verdi"],"_links":{"self":[{"href":"https:\/\/archive.sana.sy\/tr\/index.php?rest_route=\/wp\/v2\/posts\/308294","targetHints":{"allow":["GET"]}}],"collection":[{"href":"https:\/\/archive.sana.sy\/tr\/index.php?rest_route=\/wp\/v2\/posts"}],"about":[{"href":"https:\/\/archive.sana.sy\/tr\/index.php?rest_route=\/wp\/v2\/types\/post"}],"author":[{"embeddable":true,"href":"https:\/\/archive.sana.sy\/tr\/index.php?rest_route=\/wp\/v2\/users\/41"}],"replies":[{"embeddable":true,"href":"https:\/\/archive.sana.sy\/tr\/index.php?rest_route=%2Fwp%2Fv2%2Fcomments&post=308294"}],"version-history":[{"count":3,"href":"https:\/\/archive.sana.sy\/tr\/index.php?rest_route=\/wp\/v2\/posts\/308294\/revisions"}],"predecessor-version":[{"id":308334,"href":"https:\/\/archive.sana.sy\/tr\/index.php?rest_route=\/wp\/v2\/posts\/308294\/revisions\/308334"}],"wp:featuredmedia":[{"embeddable":true,"href":"https:\/\/archive.sana.sy\/tr\/index.php?rest_route=\/wp\/v2\/media\/308295"}],"wp:attachment":[{"href":"https:\/\/archive.sana.sy\/tr\/index.php?rest_route=%2Fwp%2Fv2%2Fmedia&parent=308294"}],"wp:term":[{"taxonomy":"category","embeddable":true,"href":"https:\/\/archive.sana.sy\/tr\/index.php?rest_route=%2Fwp%2Fv2%2Fcategories&post=308294"},{"taxonomy":"post_tag","embeddable":true,"href":"https:\/\/archive.sana.sy\/tr\/index.php?rest_route=%2Fwp%2Fv2%2Ftags&post=308294"}],"curies":[{"name":"wp","href":"https:\/\/api.w.org\/{rel}","templated":true}]}}