{"id":308298,"date":"2024-09-11T15:26:28","date_gmt":"2024-09-11T12:26:28","guid":{"rendered":"https:\/\/sana.sy\/tr\/?p=308298"},"modified":"2024-09-11T15:26:28","modified_gmt":"2024-09-11T12:26:28","slug":"lubnan-direnisi-fuze-silahlariyla-dusman-israilin-cesitli-bolgelerini-hedef-aldi","status":"publish","type":"post","link":"https:\/\/archive.sana.sy\/tr\/?p=308298","title":{"rendered":"L\u00fcbnan Direni\u015fi F\u00fcze Silahlar\u0131yla D\u00fc\u015fman \u0130srail\u2019in \u00c7e\u015fitli B\u00f6lgelerini Hedef Ald\u0131"},"content":{"rendered":"<p style=\"text-align: justify;\"><strong>\u0130\u015eGAL ED\u0130LEN KUD\u00dcS (SANA)<\/strong> &#8211;\u00a0 Bu sabah L\u00fcbnan direni\u015fi bir\u00e7ok \u0130srail d\u00fc\u015fman b\u00f6lgesini hedef alarak do\u011frudan isabet sa\u011flad\u0131.<\/p>\n<p style=\"text-align: justify;\">Direni\u015f yapt\u0131\u011f\u0131 a\u00e7\u0131klamada \u015funlar\u0131 s\u00f6yledi: &#8220;Gazze \u015eeridi&#8217;ndeki kararl\u0131 Filistin halk\u0131m\u0131za ve onlar\u0131n yi\u011fit direni\u015fine destek vermek amac\u0131yla, sava\u015f\u00e7\u0131lar\u0131m\u0131z bu sabah Raheb b\u00f6lgesi civar\u0131ndaki d\u00fc\u015fman askerlerinin olu\u015fturdu\u011fu bir toplulu\u011fu f\u00fcze silahlar\u0131yla hedef ald\u0131 ve do\u011frudan isabet sa\u011flad\u0131.&#8221;<\/p>\n<p style=\"text-align: justify;\">Direni\u015f \u015funlar\u0131 ekledi: &#8220;Sava\u015f\u00e7\u0131lar\u0131, f\u00fcze silahlar\u0131yla Metulla sahas\u0131n\u0131n yan\u0131 s\u0131ra i\u015fgal alt\u0131ndaki L\u00fcbnan \u015eeba \u00c7iftlikleri&#8217;ndeki Ruveysit El Karin b\u00f6lgesini ve Zibdin k\u0131\u015flas\u0131n\u0131 da hedef ald\u0131 ve do\u011frudan isabet de elde etti.&#8221;<\/p>\n<p style=\"text-align: center;\"><strong><a href=\"https:\/\/t.me\/SuriyeArapHaberAjansI\">Telegram Kanal\u0131m\u0131z\u00a0<\/a>||<a href=\"https:\/\/twitter.com\/arap_ajans\">X Platformumuz\u00a0<\/a>||<a href=\"https:\/\/www.facebook.com\/SANAHaberAjansi\/\">Facebook Sayfam\u0131z<\/a><\/strong><\/p>\n","protected":false},"excerpt":{"rendered":"<p>\u0130\u015eGAL ED\u0130LEN KUD\u00dcS (SANA) &#8211;\u00a0 Bu sabah L\u00fcbnan direni\u015fi bir\u00e7ok \u0130srail d\u00fc\u015fman b\u00f6lgesini hedef alarak do\u011frudan isabet sa\u011flad\u0131. Direni\u015f yapt\u0131\u011f\u0131 a\u00e7\u0131klamada \u015funlar\u0131 s\u00f6yledi: &#8220;Gazze \u015eeridi&#8217;ndeki kararl\u0131 Filistin halk\u0131m\u0131za ve onlar\u0131n yi\u011fit direni\u015fine destek vermek amac\u0131yla, sava\u015f\u00e7\u0131lar\u0131m\u0131z bu sabah Raheb b\u00f6lgesi civar\u0131ndaki d\u00fc\u015fman askerlerinin olu\u015fturdu\u011fu bir toplulu\u011fu f\u00fcze silahlar\u0131yla hedef ald\u0131 ve do\u011frudan isabet sa\u011flad\u0131.&#8221; Direni\u015f &hellip;<\/p>\n","protected":false},"author":41,"featured_media":308299,"comment_status":"closed","ping_status":"closed","sticky":false,"template":"","format":"standard","meta":{"footnotes":""},"categories":[458,589,459,17988],"tags":[42325],"class_list":["post-308298","post","type-post","status-publish","format-standard","has-post-thumbnail","","category-dunya1","category-haber-seridi","category-haberler-arap-uluslararasi-politika","category-son-haberler","tag-lubnan-direnisi-fuze-silahlariyla-dusman-israilin-cesitli-bolgelerini-hedef-aldi"],"_links":{"self":[{"href":"https:\/\/archive.sana.sy\/tr\/index.php?rest_route=\/wp\/v2\/posts\/308298","targetHints":{"allow":["GET"]}}],"collection":[{"href":"https:\/\/archive.sana.sy\/tr\/index.php?rest_route=\/wp\/v2\/posts"}],"about":[{"href":"https:\/\/archive.sana.sy\/tr\/index.php?rest_route=\/wp\/v2\/types\/post"}],"author":[{"embeddable":true,"href":"https:\/\/archive.sana.sy\/tr\/index.php?rest_route=\/wp\/v2\/users\/41"}],"replies":[{"embeddable":true,"href":"https:\/\/archive.sana.sy\/tr\/index.php?rest_route=%2Fwp%2Fv2%2Fcomments&post=308298"}],"version-history":[{"count":1,"href":"https:\/\/archive.sana.sy\/tr\/index.php?rest_route=\/wp\/v2\/posts\/308298\/revisions"}],"predecessor-version":[{"id":308300,"href":"https:\/\/archive.sana.sy\/tr\/index.php?rest_route=\/wp\/v2\/posts\/308298\/revisions\/308300"}],"wp:featuredmedia":[{"embeddable":true,"href":"https:\/\/archive.sana.sy\/tr\/index.php?rest_route=\/wp\/v2\/media\/308299"}],"wp:attachment":[{"href":"https:\/\/archive.sana.sy\/tr\/index.php?rest_route=%2Fwp%2Fv2%2Fmedia&parent=308298"}],"wp:term":[{"taxonomy":"category","embeddable":true,"href":"https:\/\/archive.sana.sy\/tr\/index.php?rest_route=%2Fwp%2Fv2%2Fcategories&post=308298"},{"taxonomy":"post_tag","embeddable":true,"href":"https:\/\/archive.sana.sy\/tr\/index.php?rest_route=%2Fwp%2Fv2%2Ftags&post=308298"}],"curies":[{"name":"wp","href":"https:\/\/api.w.org\/{rel}","templated":true}]}}