{"id":308301,"date":"2024-09-11T15:30:41","date_gmt":"2024-09-11T12:30:41","guid":{"rendered":"https:\/\/sana.sy\/tr\/?p=308301"},"modified":"2024-09-11T15:30:41","modified_gmt":"2024-09-11T12:30:41","slug":"peskov-moskova-olasi-herhangi-bir-ukrayna-saldirisina-uygun-sekilde-karsilik-verecektir","status":"publish","type":"post","link":"https:\/\/archive.sana.sy\/tr\/?p=308301","title":{"rendered":"Peskov: Moskova Olas\u0131 Herhangi Bir Ukrayna Sald\u0131r\u0131s\u0131na Uygun \u015eekilde Kar\u015f\u0131l\u0131k Verecektir"},"content":{"rendered":"<p style=\"text-align: justify;\"><strong>MOSKOVA (SANA) &#8211;\u00a0<\/strong> Rusya devlet ba\u015fkanl\u0131\u011f\u0131 s\u00f6zc\u00fcs\u00fc Dmitry Peskov, \u00fclkesinin Va\u015fington&#8217;a, uzun menzilli silahlarla Rusya topraklar\u0131n\u0131n derinliklerine olas\u0131 herhangi bir Ukrayna sald\u0131r\u0131s\u0131na izin vererek uygun \u015fekilde yan\u0131t verece\u011fini do\u011frulad\u0131.<\/p>\n<p style=\"text-align: justify;\">Peskov bug\u00fcn Moskova&#8217;da d\u00fczenledi\u011fi bas\u0131n toplant\u0131s\u0131nda, \u2018\u2019Ukrayna sald\u0131r\u0131lar\u0131na verilecek yan\u0131t da benzer olacak\u2019\u2019 diyerek, \u00a0b\u00fct\u00fcn bu eylemlere yan\u0131t beklemeye gerek olmad\u0131\u011f\u0131n\u0131, zira \u00f6zel askeri harek\u00e2t\u0131n t\u00fcm bu eylemlere yan\u0131t oldu\u011funu vurgulad\u0131.<\/p>\n<p style=\"text-align: justify;\">Peskov ayr\u0131ca, kolektif Bat\u0131 taraf\u0131ndan al\u0131nan ve daha sonra Ukrayna&#8217;ya atfedilen her benzer karar\u0131n, Ukrayna&#8217;da \u00f6zel askeri operasyonun gereklili\u011fi ve alternatifinin bulunmad\u0131\u011f\u0131n\u0131n ilave bir teyidi oldu\u011funu a\u00e7\u0131klad\u0131.<\/p>\n<p style=\"text-align: center;\"><strong><a href=\"https:\/\/t.me\/SuriyeArapHaberAjansI\">Telegram Kanal\u0131m\u0131z\u00a0<\/a>||<a href=\"https:\/\/twitter.com\/arap_ajans\">X Platformumuz\u00a0<\/a>||<a href=\"https:\/\/www.facebook.com\/SANAHaberAjansi\/\">Facebook Sayfam\u0131z<\/a><\/strong><\/p>\n","protected":false},"excerpt":{"rendered":"<p>MOSKOVA (SANA) &#8211;\u00a0 Rusya devlet ba\u015fkanl\u0131\u011f\u0131 s\u00f6zc\u00fcs\u00fc Dmitry Peskov, \u00fclkesinin Va\u015fington&#8217;a, uzun menzilli silahlarla Rusya topraklar\u0131n\u0131n derinliklerine olas\u0131 herhangi bir Ukrayna sald\u0131r\u0131s\u0131na izin vererek uygun \u015fekilde yan\u0131t verece\u011fini do\u011frulad\u0131. Peskov bug\u00fcn Moskova&#8217;da d\u00fczenledi\u011fi bas\u0131n toplant\u0131s\u0131nda, \u2018\u2019Ukrayna sald\u0131r\u0131lar\u0131na verilecek yan\u0131t da benzer olacak\u2019\u2019 diyerek, \u00a0b\u00fct\u00fcn bu eylemlere yan\u0131t beklemeye gerek olmad\u0131\u011f\u0131n\u0131, zira \u00f6zel askeri harek\u00e2t\u0131n t\u00fcm &hellip;<\/p>\n","protected":false},"author":41,"featured_media":308302,"comment_status":"closed","ping_status":"closed","sticky":false,"template":"","format":"standard","meta":{"footnotes":""},"categories":[458,589,459,17988],"tags":[42326],"class_list":["post-308301","post","type-post","status-publish","format-standard","has-post-thumbnail","","category-dunya1","category-haber-seridi","category-haberler-arap-uluslararasi-politika","category-son-haberler","tag-peskov-moskova-olasi-herhangi-bir-ukrayna-saldirisina-uygun-sekilde-karsilik-verecektir"],"_links":{"self":[{"href":"https:\/\/archive.sana.sy\/tr\/index.php?rest_route=\/wp\/v2\/posts\/308301","targetHints":{"allow":["GET"]}}],"collection":[{"href":"https:\/\/archive.sana.sy\/tr\/index.php?rest_route=\/wp\/v2\/posts"}],"about":[{"href":"https:\/\/archive.sana.sy\/tr\/index.php?rest_route=\/wp\/v2\/types\/post"}],"author":[{"embeddable":true,"href":"https:\/\/archive.sana.sy\/tr\/index.php?rest_route=\/wp\/v2\/users\/41"}],"replies":[{"embeddable":true,"href":"https:\/\/archive.sana.sy\/tr\/index.php?rest_route=%2Fwp%2Fv2%2Fcomments&post=308301"}],"version-history":[{"count":1,"href":"https:\/\/archive.sana.sy\/tr\/index.php?rest_route=\/wp\/v2\/posts\/308301\/revisions"}],"predecessor-version":[{"id":308303,"href":"https:\/\/archive.sana.sy\/tr\/index.php?rest_route=\/wp\/v2\/posts\/308301\/revisions\/308303"}],"wp:featuredmedia":[{"embeddable":true,"href":"https:\/\/archive.sana.sy\/tr\/index.php?rest_route=\/wp\/v2\/media\/308302"}],"wp:attachment":[{"href":"https:\/\/archive.sana.sy\/tr\/index.php?rest_route=%2Fwp%2Fv2%2Fmedia&parent=308301"}],"wp:term":[{"taxonomy":"category","embeddable":true,"href":"https:\/\/archive.sana.sy\/tr\/index.php?rest_route=%2Fwp%2Fv2%2Fcategories&post=308301"},{"taxonomy":"post_tag","embeddable":true,"href":"https:\/\/archive.sana.sy\/tr\/index.php?rest_route=%2Fwp%2Fv2%2Ftags&post=308301"}],"curies":[{"name":"wp","href":"https:\/\/api.w.org\/{rel}","templated":true}]}}