{"id":308308,"date":"2024-09-11T12:47:09","date_gmt":"2024-09-11T09:47:09","guid":{"rendered":"https:\/\/sana.sy\/tr\/?p=308308"},"modified":"2024-09-11T15:50:24","modified_gmt":"2024-09-11T12:50:24","slug":"irak-ve-iran-sudani-ve-pezeskiyanin-huzurunda-14-mutabakat-zapti-imzaladi","status":"publish","type":"post","link":"https:\/\/archive.sana.sy\/tr\/?p=308308","title":{"rendered":"Irak Ve \u0130ran, Sudani Ve Peze\u015fkiyan\u2019\u0131n \u00a0Huzurunda 14 Mutabakat Zapt\u0131 \u0130mzalad\u0131"},"content":{"rendered":"<p style=\"text-align: justify;\"><strong>BA\u011eDAT (SANA)<\/strong> &#8211; Bug\u00fcn Irak ve \u0130ran, Ba\u011fdat&#8217;taki g\u00f6r\u00fc\u015fmelerinin ard\u0131ndan Irak Ba\u015fbakan\u0131 Muhammed \u015eeyya Sudani ve \u0130ran Cumhurba\u015fkan\u0131 Mesud Peze\u015fkiyan&#8217;\u0131n huzurunda \u00e7e\u015fitli alanlarda 14 mutabakat zapt\u0131 imzalad\u0131.<\/p>\n<p style=\"text-align: justify;\">Irak Ba\u015fbakanl\u0131\u011f\u0131&#8217;ndan yap\u0131lan a\u00e7\u0131klamaya g\u00f6re mutabakat zapt\u0131 ekonomi, e\u011fitim i\u015fbirli\u011fi, gen\u00e7lik, spor, k\u00fclt\u00fcrel, sanatsal ve arkeolojik, e\u011fitim, medya i\u015fbirli\u011fi, ileti\u015fim ve di\u011fer alanlar\u0131 kapsad\u0131.<\/p>\n<p style=\"text-align: justify;\">Sudani, bug\u00fcn erken saatlerde Ba\u011fdat&#8217;ta Cumhurba\u015fkan\u0131 Peze\u015fkiyan ile yapt\u0131\u011f\u0131 g\u00f6r\u00fc\u015fmede, b\u00f6lgedeki zorluklarla y\u00fczle\u015fmek i\u00e7in Irak ile \u0130ran aras\u0131nda ikili i\u015fbirli\u011finin \u00f6nemini ve gereklili\u011fini vurgulad\u0131.<\/p>\n<p style=\"text-align: justify;\">Toplant\u0131da, iki \u00fclke aras\u0131ndaki i\u015fbirli\u011fi ve ortakl\u0131k d\u00fczeyinin art\u0131r\u0131lmas\u0131n\u0131 ama\u00e7layan \u00e7ok say\u0131da dosya ve ortak ilgi alan\u0131na giren konular masaya yat\u0131r\u0131ld\u0131.<\/p>\n<p style=\"text-align: justify;\">\u0130ki taraf, istikrar ve kalk\u0131nmay\u0131 sa\u011flamak i\u00e7in b\u00f6lgedeki ekonomik ve g\u00fcvenlik sorunlar\u0131yla y\u00fczle\u015fmenin gereklili\u011fini de vurgulad\u0131.<\/p>\n<p style=\"text-align: center;\"><strong><a href=\"https:\/\/t.me\/SuriyeArapHaberAjansI\">Telegram Kanal\u0131m\u0131z\u00a0<\/a>||<a href=\"https:\/\/twitter.com\/arap_ajans\">X Platformumuz\u00a0<\/a>||<a href=\"https:\/\/www.facebook.com\/SANAHaberAjansi\/\">Facebook Sayfam\u0131z<\/a><\/strong><\/p>\n","protected":false},"excerpt":{"rendered":"<p>BA\u011eDAT (SANA) &#8211; Bug\u00fcn Irak ve \u0130ran, Ba\u011fdat&#8217;taki g\u00f6r\u00fc\u015fmelerinin ard\u0131ndan Irak Ba\u015fbakan\u0131 Muhammed \u015eeyya Sudani ve \u0130ran Cumhurba\u015fkan\u0131 Mesud Peze\u015fkiyan&#8217;\u0131n huzurunda \u00e7e\u015fitli alanlarda 14 mutabakat zapt\u0131 imzalad\u0131. Irak Ba\u015fbakanl\u0131\u011f\u0131&#8217;ndan yap\u0131lan a\u00e7\u0131klamaya g\u00f6re mutabakat zapt\u0131 ekonomi, e\u011fitim i\u015fbirli\u011fi, gen\u00e7lik, spor, k\u00fclt\u00fcrel, sanatsal ve arkeolojik, e\u011fitim, medya i\u015fbirli\u011fi, ileti\u015fim ve di\u011fer alanlar\u0131 kapsad\u0131. Sudani, bug\u00fcn erken saatlerde &hellip;<\/p>\n","protected":false},"author":41,"featured_media":308310,"comment_status":"closed","ping_status":"closed","sticky":false,"template":"","format":"standard","meta":{"footnotes":""},"categories":[458,589,459,17988],"tags":[42327,42328],"class_list":["post-308308","post","type-post","status-publish","format-standard","has-post-thumbnail","","category-dunya1","category-haber-seridi","category-haberler-arap-uluslararasi-politika","category-son-haberler","tag-irak-ve-iran","tag-sudani-ve-pezeskiyanin-huzurunda-14-mutabakat-zapti-imzaladi"],"_links":{"self":[{"href":"https:\/\/archive.sana.sy\/tr\/index.php?rest_route=\/wp\/v2\/posts\/308308","targetHints":{"allow":["GET"]}}],"collection":[{"href":"https:\/\/archive.sana.sy\/tr\/index.php?rest_route=\/wp\/v2\/posts"}],"about":[{"href":"https:\/\/archive.sana.sy\/tr\/index.php?rest_route=\/wp\/v2\/types\/post"}],"author":[{"embeddable":true,"href":"https:\/\/archive.sana.sy\/tr\/index.php?rest_route=\/wp\/v2\/users\/41"}],"replies":[{"embeddable":true,"href":"https:\/\/archive.sana.sy\/tr\/index.php?rest_route=%2Fwp%2Fv2%2Fcomments&post=308308"}],"version-history":[{"count":1,"href":"https:\/\/archive.sana.sy\/tr\/index.php?rest_route=\/wp\/v2\/posts\/308308\/revisions"}],"predecessor-version":[{"id":308309,"href":"https:\/\/archive.sana.sy\/tr\/index.php?rest_route=\/wp\/v2\/posts\/308308\/revisions\/308309"}],"wp:featuredmedia":[{"embeddable":true,"href":"https:\/\/archive.sana.sy\/tr\/index.php?rest_route=\/wp\/v2\/media\/308310"}],"wp:attachment":[{"href":"https:\/\/archive.sana.sy\/tr\/index.php?rest_route=%2Fwp%2Fv2%2Fmedia&parent=308308"}],"wp:term":[{"taxonomy":"category","embeddable":true,"href":"https:\/\/archive.sana.sy\/tr\/index.php?rest_route=%2Fwp%2Fv2%2Fcategories&post=308308"},{"taxonomy":"post_tag","embeddable":true,"href":"https:\/\/archive.sana.sy\/tr\/index.php?rest_route=%2Fwp%2Fv2%2Ftags&post=308308"}],"curies":[{"name":"wp","href":"https:\/\/api.w.org\/{rel}","templated":true}]}}