{"id":308313,"date":"2024-09-11T07:57:06","date_gmt":"2024-09-11T04:57:06","guid":{"rendered":"https:\/\/sana.sy\/tr\/?p=308313"},"modified":"2024-09-11T15:58:31","modified_gmt":"2024-09-11T12:58:31","slug":"isgal-gucleri-kudusun-kuzeybatisinda-bir-evi-ve-uc-dukkani-yikti","status":"publish","type":"post","link":"https:\/\/archive.sana.sy\/tr\/?p=308313","title":{"rendered":"\u0130\u015fgal G\u00fc\u00e7leri Kud\u00fcs&#8217;\u00fcn Kuzeybat\u0131s\u0131nda Bir Evi Ve \u00dc\u00e7 D\u00fckkan\u0131 Y\u0131kt\u0131"},"content":{"rendered":"<p style=\"text-align: justify;\"><strong>\u0130\u015eGAL ED\u0130LEN KUD\u00dcS (SANA) &#8211;<\/strong>\u00a0 Bug\u00fcn \u0130srail i\u015fgal g\u00fc\u00e7leri, i\u015fgal edilen Kud\u00fcs&#8217;\u00fcn kuzeybat\u0131s\u0131ndaki Biddu kasabas\u0131nda bir ev ve \u00fc\u00e7 d\u00fckk\u00e2n\u0131 y\u0131kt\u0131.<\/p>\n<p style=\"text-align: justify;\">WAFA Ajans\u0131, i\u015fgal g\u00fc\u00e7lerinin \u00e7ok say\u0131da buldozerle kasabaya sald\u0131rd\u0131\u011f\u0131n\u0131, bir ev ve \u00fc\u00e7 d\u00fckkan\u0131 y\u0131kt\u0131\u011f\u0131n\u0131 bildirdi.<\/p>\n<p style=\"text-align: justify;\">\u0130\u015fgal g\u00fc\u00e7leri d\u00fcn El Halil&#8217;in Yatta kasabas\u0131n\u0131n g\u00fcneydo\u011fusunda bir evi, Kud\u00fcs&#8217;teki \u015euafat m\u00fclteci kamp\u0131ndaki bir evi ve bir su kuyusunu y\u0131kt\u0131.<\/p>\n<p style=\"text-align: center;\"><strong><a href=\"https:\/\/t.me\/SuriyeArapHaberAjansI\">Telegram Kanal\u0131m\u0131z\u00a0<\/a>||<a href=\"https:\/\/twitter.com\/arap_ajans\">X Platformumuz\u00a0<\/a>||<a href=\"https:\/\/www.facebook.com\/SANAHaberAjansi\/\">Facebook Sayfam\u0131z<\/a><\/strong><\/p>\n","protected":false},"excerpt":{"rendered":"<p>\u0130\u015eGAL ED\u0130LEN KUD\u00dcS (SANA) &#8211;\u00a0 Bug\u00fcn \u0130srail i\u015fgal g\u00fc\u00e7leri, i\u015fgal edilen Kud\u00fcs&#8217;\u00fcn kuzeybat\u0131s\u0131ndaki Biddu kasabas\u0131nda bir ev ve \u00fc\u00e7 d\u00fckk\u00e2n\u0131 y\u0131kt\u0131. WAFA Ajans\u0131, i\u015fgal g\u00fc\u00e7lerinin \u00e7ok say\u0131da buldozerle kasabaya sald\u0131rd\u0131\u011f\u0131n\u0131, bir ev ve \u00fc\u00e7 d\u00fckkan\u0131 y\u0131kt\u0131\u011f\u0131n\u0131 bildirdi. \u0130\u015fgal g\u00fc\u00e7leri d\u00fcn El Halil&#8217;in Yatta kasabas\u0131n\u0131n g\u00fcneydo\u011fusunda bir evi, Kud\u00fcs&#8217;teki \u015euafat m\u00fclteci kamp\u0131ndaki bir evi ve bir &hellip;<\/p>\n","protected":false},"author":41,"featured_media":308314,"comment_status":"closed","ping_status":"closed","sticky":false,"template":"","format":"standard","meta":{"footnotes":""},"categories":[458,589,459,17988],"tags":[42329],"class_list":["post-308313","post","type-post","status-publish","format-standard","has-post-thumbnail","","category-dunya1","category-haber-seridi","category-haberler-arap-uluslararasi-politika","category-son-haberler","tag-isgal-gucleri-kudusun-kuzeybatisinda-bir-evi-ve-uc-dukkani-yikti"],"_links":{"self":[{"href":"https:\/\/archive.sana.sy\/tr\/index.php?rest_route=\/wp\/v2\/posts\/308313","targetHints":{"allow":["GET"]}}],"collection":[{"href":"https:\/\/archive.sana.sy\/tr\/index.php?rest_route=\/wp\/v2\/posts"}],"about":[{"href":"https:\/\/archive.sana.sy\/tr\/index.php?rest_route=\/wp\/v2\/types\/post"}],"author":[{"embeddable":true,"href":"https:\/\/archive.sana.sy\/tr\/index.php?rest_route=\/wp\/v2\/users\/41"}],"replies":[{"embeddable":true,"href":"https:\/\/archive.sana.sy\/tr\/index.php?rest_route=%2Fwp%2Fv2%2Fcomments&post=308313"}],"version-history":[{"count":1,"href":"https:\/\/archive.sana.sy\/tr\/index.php?rest_route=\/wp\/v2\/posts\/308313\/revisions"}],"predecessor-version":[{"id":308315,"href":"https:\/\/archive.sana.sy\/tr\/index.php?rest_route=\/wp\/v2\/posts\/308313\/revisions\/308315"}],"wp:featuredmedia":[{"embeddable":true,"href":"https:\/\/archive.sana.sy\/tr\/index.php?rest_route=\/wp\/v2\/media\/308314"}],"wp:attachment":[{"href":"https:\/\/archive.sana.sy\/tr\/index.php?rest_route=%2Fwp%2Fv2%2Fmedia&parent=308313"}],"wp:term":[{"taxonomy":"category","embeddable":true,"href":"https:\/\/archive.sana.sy\/tr\/index.php?rest_route=%2Fwp%2Fv2%2Fcategories&post=308313"},{"taxonomy":"post_tag","embeddable":true,"href":"https:\/\/archive.sana.sy\/tr\/index.php?rest_route=%2Fwp%2Fv2%2Ftags&post=308313"}],"curies":[{"name":"wp","href":"https:\/\/api.w.org\/{rel}","templated":true}]}}