{"id":308319,"date":"2024-09-11T17:05:36","date_gmt":"2024-09-11T14:05:36","guid":{"rendered":"https:\/\/sana.sy\/tr\/?p=308319"},"modified":"2024-09-12T11:42:22","modified_gmt":"2024-09-12T08:42:22","slug":"bakan-mikdad-suriye-ile-ilgili-konulari-ve-karsi-karsiya-oldugu-kosullari-gorusmek-uzere-misirda-acik-bir-diyalog-gerceklestirdi","status":"publish","type":"post","link":"https:\/\/archive.sana.sy\/tr\/?p=308319","title":{"rendered":"Bakan Mikdad, Suriye \u0130le \u0130lgili Konular\u0131 Ve Kar\u015f\u0131 Kar\u015f\u0131ya Oldu\u011fu Ko\u015fullar\u0131 G\u00f6r\u00fc\u015fmek \u00dczere M\u0131s\u0131r&#8217;da A\u00e7\u0131k Bir Diyalog Ger\u00e7ekle\u015ftirdi"},"content":{"rendered":"<p style=\"text-align: justify;\"><strong>KAH\u0130RE (SANA) &#8211;<\/strong>\u00a0 Ge\u00e7ici h\u00fck\u00fcmetteki D\u0131\u015fi\u015fleri ve Gurbet\u00e7iler Bakan\u0131 Faysal Mikdad, M\u0131s\u0131r&#8217;daki bulundu\u011fu s\u0131ras\u0131nda, Kahire&#8217;deki Suriye B\u00fcy\u00fckel\u00e7ili\u011fi genel merkezinde bir grup M\u0131s\u0131rl\u0131 medya fig\u00fcr\u00fc, d\u00fc\u015f\u00fcn\u00fcr ve yazarla a\u00e7\u0131k bir diyalog ger\u00e7ekle\u015ftirdi.<\/p>\n<p style=\"text-align: justify;\">G\u00f6r\u00fc\u015fmede, Suriye&#8217;ye ili\u015fkin \u00e7ok \u00e7e\u015fitli konular ve kar\u015f\u0131 kar\u015f\u0131ya oldu\u011fu ko\u015fullar\u0131n yan\u0131 s\u0131ra, ba\u015fta i\u015fgal alt\u0131ndaki Filistin topraklar\u0131ndaki durum olmak \u00fczere b\u00f6lgedeki durumla ilgili geli\u015fmelere ili\u015fkin tutumlar\u0131 ele al\u0131nd\u0131.<\/p>\n<p style=\"text-align: justify;\">G\u00f6r\u00fc\u015fmede ayr\u0131ca \u0130srail sald\u0131r\u0131lar\u0131, ter\u00f6rle m\u00fccadele ve bunlar\u0131n b\u00f6lgenin g\u00fcvenlik ve istikrar\u0131na etkisi ele al\u0131nd\u0131.<\/p>\n<p style=\"text-align: justify;\">Bakan Mikdad, Suriye&#8217;nin, \u0130srail i\u015fgal varl\u0131\u011f\u0131n\u0131n Filistin halk\u0131na kar\u015f\u0131 y\u00fcr\u00fctt\u00fc\u011f\u00fc ac\u0131mas\u0131z sava\u015f\u0131 ve onlara kar\u015f\u0131 i\u015fledi\u011fi soyk\u0131r\u0131m su\u00e7lar\u0131n\u0131 k\u0131nad\u0131\u011f\u0131n\u0131 do\u011frulayarak, buna bir son verilmesi gerekti\u011fini \u00a0kaydetti.<\/p>\n<p style=\"text-align: justify;\">Diyalogda ayr\u0131ca Suriye&#8217;nin Arap Birli\u011fi&#8217;ndeki koltu\u011funa geri d\u00f6nmesi \u0131\u015f\u0131\u011f\u0131nda Suriye&#8217;nin Arap \u00fclkeleriyle ili\u015fkilerinin, \u00f6zellikle de M\u0131s\u0131r&#8217;la olan ili\u015fkilerinin geli\u015ftirilmesi ele al\u0131nd\u0131.<\/p>\n<p style=\"text-align: justify;\">Bakan Mikdad, Suriyeli m\u00fcltecilerin ve yerinden edilmi\u015f ki\u015filerin geri d\u00f6n\u00fc\u015f\u00fcn\u00fcn kolayla\u015ft\u0131r\u0131lmas\u0131, Suriyelilerin insani ve ya\u015fam durumlar\u0131n\u0131n iyile\u015ftirilmesi dahil olmak \u00fczere bir\u00e7ok konuyu kapsayan medya profesyonelleri ve ayd\u0131nlar taraf\u0131ndan y\u00f6neltilen soru ve m\u00fcdahalelere a\u00e7\u0131klamalar ve yan\u0131tlar verdi.<\/p>\n<p style=\"text-align: justify;\">DiyalogdaBirle\u015fmi\u015f Milletler ve uluslararas\u0131 kurulu\u015flarla i\u015fbirli\u011finin boyutlar\u0131 ve Bat\u0131l\u0131 \u00fclkelerin Suriye halk\u0131na uygulad\u0131\u011f\u0131 tek tarafl\u0131 zorlay\u0131c\u0131 tedbirler de ele al\u0131nd\u0131.<\/p>\n<p style=\"text-align: center;\"><strong><a href=\"https:\/\/t.me\/SuriyeArapHaberAjansI\">Telegram Kanal\u0131m\u0131z\u00a0<\/a>||<a href=\"https:\/\/twitter.com\/arap_ajans\">X Platformumuz\u00a0<\/a>||<a href=\"https:\/\/www.facebook.com\/SANAHaberAjansi\/\">Facebook Sayfam\u0131z<\/a><\/strong><\/p>\n<p>&nbsp;<\/p>\n","protected":false},"excerpt":{"rendered":"<p>KAH\u0130RE (SANA) &#8211;\u00a0 Ge\u00e7ici h\u00fck\u00fcmetteki D\u0131\u015fi\u015fleri ve Gurbet\u00e7iler Bakan\u0131 Faysal Mikdad, M\u0131s\u0131r&#8217;daki bulundu\u011fu s\u0131ras\u0131nda, Kahire&#8217;deki Suriye B\u00fcy\u00fckel\u00e7ili\u011fi genel merkezinde bir grup M\u0131s\u0131rl\u0131 medya fig\u00fcr\u00fc, d\u00fc\u015f\u00fcn\u00fcr ve yazarla a\u00e7\u0131k bir diyalog ger\u00e7ekle\u015ftirdi. G\u00f6r\u00fc\u015fmede, Suriye&#8217;ye ili\u015fkin \u00e7ok \u00e7e\u015fitli konular ve kar\u015f\u0131 kar\u015f\u0131ya oldu\u011fu ko\u015fullar\u0131n yan\u0131 s\u0131ra, ba\u015fta i\u015fgal alt\u0131ndaki Filistin topraklar\u0131ndaki durum olmak \u00fczere b\u00f6lgedeki durumla ilgili &hellip;<\/p>\n","protected":false},"author":41,"featured_media":308326,"comment_status":"closed","ping_status":"closed","sticky":false,"template":"","format":"standard","meta":{"footnotes":""},"categories":[458,459,17988],"tags":[39654,42331,42332,42333,41392,19043],"class_list":["post-308319","post","type-post","status-publish","format-standard","has-post-thumbnail","","category-dunya1","category-haberler-arap-uluslararasi-politika","category-son-haberler","tag-bakan-mikdad","tag-suriye-ile-ilgili-konulari-ve-karsi-karsiya-oldugu-kosullari-gorusmek-uzere-misirda-acik-bir-diyalog-gerceklestirdi","tag-suriye-ile-noramllesme-surecleri","tag-suriye-ile-normallesme-asamalari","tag-suriye-ve-arap-ulkeleri-arasindaki-iliskiler","tag-suriyede-son-durum"],"_links":{"self":[{"href":"https:\/\/archive.sana.sy\/tr\/index.php?rest_route=\/wp\/v2\/posts\/308319","targetHints":{"allow":["GET"]}}],"collection":[{"href":"https:\/\/archive.sana.sy\/tr\/index.php?rest_route=\/wp\/v2\/posts"}],"about":[{"href":"https:\/\/archive.sana.sy\/tr\/index.php?rest_route=\/wp\/v2\/types\/post"}],"author":[{"embeddable":true,"href":"https:\/\/archive.sana.sy\/tr\/index.php?rest_route=\/wp\/v2\/users\/41"}],"replies":[{"embeddable":true,"href":"https:\/\/archive.sana.sy\/tr\/index.php?rest_route=%2Fwp%2Fv2%2Fcomments&post=308319"}],"version-history":[{"count":3,"href":"https:\/\/archive.sana.sy\/tr\/index.php?rest_route=\/wp\/v2\/posts\/308319\/revisions"}],"predecessor-version":[{"id":308327,"href":"https:\/\/archive.sana.sy\/tr\/index.php?rest_route=\/wp\/v2\/posts\/308319\/revisions\/308327"}],"wp:featuredmedia":[{"embeddable":true,"href":"https:\/\/archive.sana.sy\/tr\/index.php?rest_route=\/wp\/v2\/media\/308326"}],"wp:attachment":[{"href":"https:\/\/archive.sana.sy\/tr\/index.php?rest_route=%2Fwp%2Fv2%2Fmedia&parent=308319"}],"wp:term":[{"taxonomy":"category","embeddable":true,"href":"https:\/\/archive.sana.sy\/tr\/index.php?rest_route=%2Fwp%2Fv2%2Fcategories&post=308319"},{"taxonomy":"post_tag","embeddable":true,"href":"https:\/\/archive.sana.sy\/tr\/index.php?rest_route=%2Fwp%2Fv2%2Ftags&post=308319"}],"curies":[{"name":"wp","href":"https:\/\/api.w.org\/{rel}","templated":true}]}}