{"id":308328,"date":"2024-09-11T18:15:15","date_gmt":"2024-09-11T15:15:15","guid":{"rendered":"https:\/\/sana.sy\/tr\/?p=308328"},"modified":"2024-09-11T18:15:15","modified_gmt":"2024-09-11T15:15:15","slug":"rakka-valisi-ve-bmmyk-temsilcisi-ikili-isbirliginin-gelistirilmesini-gorustu","status":"publish","type":"post","link":"https:\/\/archive.sana.sy\/tr\/?p=308328","title":{"rendered":"Rakka Valisi Ve BMMYK Temsilcisi \u0130kili \u0130\u015fbirli\u011finin Geli\u015ftirilmesini G\u00f6r\u00fc\u015ft\u00fc"},"content":{"rendered":"<p style=\"text-align: justify;\"><strong>RAKKA (SANA)<\/strong> &#8211; Rakka Valisi Abdulrazzak Halife, Birle\u015fmi\u015f Milletler Suriye M\u00fclteciler Y\u00fcksek Komiserli\u011fi Mukim Temsilci Yard\u0131mc\u0131s\u0131 Necat Bilkas\u0131m ve beraberindeki heyet ile Komisyonun 2024 y\u0131l\u0131nda hayata ge\u00e7irdi\u011fi projelerin ve desteklerinin art\u0131r\u0131lmas\u0131n\u0131 masaya yat\u0131rd\u0131.<\/p>\n<p style=\"text-align: justify;\">Rakka Valili\u011fi&#8217;nin Sabha kentindeki ge\u00e7ici merkezinde ger\u00e7ekle\u015ftirilen g\u00f6r\u00fc\u015fmede Halife, Komisyon&#8217;un valilikteki toplum merkezlerine sa\u011flad\u0131\u011f\u0131 deste\u011fin ve buralarda uygulanan projelerin \u00f6nemini vurgulayarak, ortak insani hedeflere ula\u015fmak i\u00e7in iki taraf aras\u0131ndaki i\u015fbirli\u011finin s\u00fcrd\u00fcr\u00fclmesi ve g\u00fc\u00e7lendirilmesinin gereklili\u011fine dikkat \u00e7ekti.<\/p>\n<p style=\"text-align: justify;\">Bilkas\u0131m ise Komisyon&#8217;un i\u015fbirli\u011fini s\u00fcrd\u00fcrmeye, daha fazla proje uygulamaya ve e\u011fitim kurslar\u0131 d\u00fczenlemeye haz\u0131r oldu\u011funu ifade etti.<\/p>\n<p style=\"text-align: center;\"><strong><a href=\"https:\/\/t.me\/SuriyeArapHaberAjansI\">Telegram Kanal\u0131m\u0131z\u00a0<\/a>||<a href=\"https:\/\/twitter.com\/arap_ajans\">X Platformumuz\u00a0<\/a>||<a href=\"https:\/\/www.facebook.com\/SANAHaberAjansi\/\">Facebook Sayfam\u0131z<\/a><\/strong><\/p>\n","protected":false},"excerpt":{"rendered":"<p>RAKKA (SANA) &#8211; Rakka Valisi Abdulrazzak Halife, Birle\u015fmi\u015f Milletler Suriye M\u00fclteciler Y\u00fcksek Komiserli\u011fi Mukim Temsilci Yard\u0131mc\u0131s\u0131 Necat Bilkas\u0131m ve beraberindeki heyet ile Komisyonun 2024 y\u0131l\u0131nda hayata ge\u00e7irdi\u011fi projelerin ve desteklerinin art\u0131r\u0131lmas\u0131n\u0131 masaya yat\u0131rd\u0131. Rakka Valili\u011fi&#8217;nin Sabha kentindeki ge\u00e7ici merkezinde ger\u00e7ekle\u015ftirilen g\u00f6r\u00fc\u015fmede Halife, Komisyon&#8217;un valilikteki toplum merkezlerine sa\u011flad\u0131\u011f\u0131 deste\u011fin ve buralarda uygulanan projelerin \u00f6nemini vurgulayarak, ortak &hellip;<\/p>\n","protected":false},"author":41,"featured_media":308329,"comment_status":"closed","ping_status":"closed","sticky":false,"template":"","format":"standard","meta":{"footnotes":""},"categories":[458,479,459,17988,478],"tags":[],"class_list":["post-308328","post","type-post","status-publish","format-standard","has-post-thumbnail","","category-dunya1","category-haberler-yerel","category-haberler-arap-uluslararasi-politika","category-son-haberler","category-yerel"],"_links":{"self":[{"href":"https:\/\/archive.sana.sy\/tr\/index.php?rest_route=\/wp\/v2\/posts\/308328","targetHints":{"allow":["GET"]}}],"collection":[{"href":"https:\/\/archive.sana.sy\/tr\/index.php?rest_route=\/wp\/v2\/posts"}],"about":[{"href":"https:\/\/archive.sana.sy\/tr\/index.php?rest_route=\/wp\/v2\/types\/post"}],"author":[{"embeddable":true,"href":"https:\/\/archive.sana.sy\/tr\/index.php?rest_route=\/wp\/v2\/users\/41"}],"replies":[{"embeddable":true,"href":"https:\/\/archive.sana.sy\/tr\/index.php?rest_route=%2Fwp%2Fv2%2Fcomments&post=308328"}],"version-history":[{"count":1,"href":"https:\/\/archive.sana.sy\/tr\/index.php?rest_route=\/wp\/v2\/posts\/308328\/revisions"}],"predecessor-version":[{"id":308330,"href":"https:\/\/archive.sana.sy\/tr\/index.php?rest_route=\/wp\/v2\/posts\/308328\/revisions\/308330"}],"wp:featuredmedia":[{"embeddable":true,"href":"https:\/\/archive.sana.sy\/tr\/index.php?rest_route=\/wp\/v2\/media\/308329"}],"wp:attachment":[{"href":"https:\/\/archive.sana.sy\/tr\/index.php?rest_route=%2Fwp%2Fv2%2Fmedia&parent=308328"}],"wp:term":[{"taxonomy":"category","embeddable":true,"href":"https:\/\/archive.sana.sy\/tr\/index.php?rest_route=%2Fwp%2Fv2%2Fcategories&post=308328"},{"taxonomy":"post_tag","embeddable":true,"href":"https:\/\/archive.sana.sy\/tr\/index.php?rest_route=%2Fwp%2Fv2%2Ftags&post=308328"}],"curies":[{"name":"wp","href":"https:\/\/api.w.org\/{rel}","templated":true}]}}