{"id":308335,"date":"2024-09-11T19:29:03","date_gmt":"2024-09-11T16:29:03","guid":{"rendered":"https:\/\/sana.sy\/tr\/?p=308335"},"modified":"2024-09-11T19:29:03","modified_gmt":"2024-09-11T16:29:03","slug":"suriyenin-katilimiyla-moskovada-uluslararasi-anti-fasist-forum-baslatildi","status":"publish","type":"post","link":"https:\/\/archive.sana.sy\/tr\/?p=308335","title":{"rendered":"Suriye&#8217;nin Kat\u0131l\u0131m\u0131yla Moskova&#8217;da Uluslararas\u0131 Anti-Fa\u015fist Forum Ba\u015flat\u0131ld\u0131"},"content":{"rendered":"<p style=\"text-align: justify;\"><strong>MOSKOVA (SANA)<\/strong> &#8211;\u00a0 Bug\u00fcn Suriye&#8217;nin kat\u0131l\u0131m\u0131yla Rusya&#8217;n\u0131n ba\u015fkenti Moskova&#8217;da Uluslararas\u0131 Fa\u015fizm Kar\u015f\u0131t\u0131 Forum&#8217;un \u00e7al\u0131\u015fmalar\u0131 ba\u015flat\u0131ld\u0131.<\/p>\n<p style=\"text-align: justify;\">Suriye B\u00fcy\u00fckel\u00e7ili\u011fi Temsilcisi M\u00fcste\u015far Abdulrazzak \u0130smail yapt\u0131\u011f\u0131 konu\u015fmada, &#8220;Forum, Alman Nazizm&#8217;inin ve k\u00fcresel fa\u015fizmin yenilgisinde en b\u00fcy\u00fck ve belirleyici role sahip olan Moskova&#8217;da ilgiyle ve etkinlikle kat\u0131ld\u0131\u011f\u0131m\u0131z her y\u0131l bir gelenek haline geldi\u2019\u2019 diyerek, \u00a0&#8220;Forum, fa\u015fizmin halklar\u0131n ya\u015famlar\u0131na, \u00f6zg\u00fcrl\u00fcklerine ve egemenliklerine y\u00f6nelik yenilenen ve devam eden tehdidini her y\u0131l vurgulayan uluslararas\u0131 bir platforma d\u00f6n\u00fc\u015ft\u00fc&#8221; ifadelerini kulland\u0131.<\/p>\n<p style=\"text-align: justify;\">\u0130amail konu\u015fmas\u0131nda, \u2018\u2019Irk\u00e7\u0131, fa\u015fist ve neo-Nazi e\u011filimlerin geri d\u00f6n\u00fc\u015f\u00fc ve y\u00fckseli\u015fi \u0131\u015f\u0131\u011f\u0131nda d\u00fcnyan\u0131n i\u00e7inden ge\u00e7ti\u011fi karma\u015f\u0131k b\u00f6lgesel ve uluslararas\u0131 ko\u015fullar g\u00f6z \u00f6n\u00fcne al\u0131nd\u0131\u011f\u0131nda forum, \u00f6zel ve istisnai bir \u00f6nem kazan\u0131yor\u2019\u2019 ifadelerini kulland\u0131.<\/p>\n<p style=\"text-align: justify;\">\u201cNeo-Nazizme kar\u015f\u0131 kazan\u0131lan zafer, k\u00fcresel \u00e7o\u011funlu\u011fun, d\u00fcnyay\u0131 birle\u015ftiren \u201cSava\u015fa hay\u0131r&#8230; \u015eiddete hay\u0131r&#8230; Fa\u015fizme hay\u0131r\u201d slogan\u0131n\u0131 adamak i\u00e7in ortak \u00e7abalar\u0131 ve ortak \u00e7al\u0131\u015fmalar\u0131 sayesinde elde edilen bir zaferdir\u2019\u2019 konu\u015fmas\u0131nda diyen \u0130smail \u015f\u00f6yle devam etti: \u00a0\u201c\u00dcst\u00fcnl\u00fc\u011fe hay\u0131r, tek kutuplulu\u011fa hay\u0131r, adalete, e\u015fitli\u011fe, \u00e7ok kutuplulu\u011fa evet, halklardan zulm\u00fcn ve adaletsizli\u011fin kald\u0131r\u0131lmas\u0131na evet.\u201d<\/p>\n<p style=\"text-align: justify;\">Foruma Rusya&#8217;n\u0131n h\u00fck\u00fcmet, akademik ve parlamenter kurumlar\u0131n\u0131n temsilcileri, b\u00fcy\u00fckel\u00e7ilikleri ve Rusya&#8217;da akredite olan yabanc\u0131 diplomatik misyonlar\u0131n temsilcileri kat\u0131ld\u0131.<\/p>\n<p style=\"text-align: center;\"><strong><a href=\"https:\/\/t.me\/SuriyeArapHaberAjansI\">Telegram Kanal\u0131m\u0131z\u00a0<\/a>||<a href=\"https:\/\/twitter.com\/arap_ajans\">X Platformumuz\u00a0<\/a>||<a href=\"https:\/\/www.facebook.com\/SANAHaberAjansi\/\">Facebook Sayfam\u0131z<\/a><\/strong><\/p>\n","protected":false},"excerpt":{"rendered":"<p>MOSKOVA (SANA) &#8211;\u00a0 Bug\u00fcn Suriye&#8217;nin kat\u0131l\u0131m\u0131yla Rusya&#8217;n\u0131n ba\u015fkenti Moskova&#8217;da Uluslararas\u0131 Fa\u015fizm Kar\u015f\u0131t\u0131 Forum&#8217;un \u00e7al\u0131\u015fmalar\u0131 ba\u015flat\u0131ld\u0131. Suriye B\u00fcy\u00fckel\u00e7ili\u011fi Temsilcisi M\u00fcste\u015far Abdulrazzak \u0130smail yapt\u0131\u011f\u0131 konu\u015fmada, &#8220;Forum, Alman Nazizm&#8217;inin ve k\u00fcresel fa\u015fizmin yenilgisinde en b\u00fcy\u00fck ve belirleyici role sahip olan Moskova&#8217;da ilgiyle ve etkinlikle kat\u0131ld\u0131\u011f\u0131m\u0131z her y\u0131l bir gelenek haline geldi\u2019\u2019 diyerek, \u00a0&#8220;Forum, fa\u015fizmin halklar\u0131n ya\u015famlar\u0131na, \u00f6zg\u00fcrl\u00fcklerine ve &hellip;<\/p>\n","protected":false},"author":41,"featured_media":308336,"comment_status":"closed","ping_status":"closed","sticky":false,"template":"","format":"standard","meta":{"footnotes":""},"categories":[458,589,459,17988],"tags":[42334],"class_list":["post-308335","post","type-post","status-publish","format-standard","has-post-thumbnail","","category-dunya1","category-haber-seridi","category-haberler-arap-uluslararasi-politika","category-son-haberler","tag-suriyenin-katilimiyla-moskovada-uluslararasi-anti-fasist-forum-baslatildi"],"_links":{"self":[{"href":"https:\/\/archive.sana.sy\/tr\/index.php?rest_route=\/wp\/v2\/posts\/308335","targetHints":{"allow":["GET"]}}],"collection":[{"href":"https:\/\/archive.sana.sy\/tr\/index.php?rest_route=\/wp\/v2\/posts"}],"about":[{"href":"https:\/\/archive.sana.sy\/tr\/index.php?rest_route=\/wp\/v2\/types\/post"}],"author":[{"embeddable":true,"href":"https:\/\/archive.sana.sy\/tr\/index.php?rest_route=\/wp\/v2\/users\/41"}],"replies":[{"embeddable":true,"href":"https:\/\/archive.sana.sy\/tr\/index.php?rest_route=%2Fwp%2Fv2%2Fcomments&post=308335"}],"version-history":[{"count":1,"href":"https:\/\/archive.sana.sy\/tr\/index.php?rest_route=\/wp\/v2\/posts\/308335\/revisions"}],"predecessor-version":[{"id":308337,"href":"https:\/\/archive.sana.sy\/tr\/index.php?rest_route=\/wp\/v2\/posts\/308335\/revisions\/308337"}],"wp:featuredmedia":[{"embeddable":true,"href":"https:\/\/archive.sana.sy\/tr\/index.php?rest_route=\/wp\/v2\/media\/308336"}],"wp:attachment":[{"href":"https:\/\/archive.sana.sy\/tr\/index.php?rest_route=%2Fwp%2Fv2%2Fmedia&parent=308335"}],"wp:term":[{"taxonomy":"category","embeddable":true,"href":"https:\/\/archive.sana.sy\/tr\/index.php?rest_route=%2Fwp%2Fv2%2Fcategories&post=308335"},{"taxonomy":"post_tag","embeddable":true,"href":"https:\/\/archive.sana.sy\/tr\/index.php?rest_route=%2Fwp%2Fv2%2Ftags&post=308335"}],"curies":[{"name":"wp","href":"https:\/\/api.w.org\/{rel}","templated":true}]}}