{"id":308338,"date":"2024-09-12T10:35:03","date_gmt":"2024-09-12T07:35:03","guid":{"rendered":"https:\/\/sana.sy\/tr\/?p=308338"},"modified":"2024-09-12T17:06:00","modified_gmt":"2024-09-12T14:06:00","slug":"el-zeytun-mahallesi-ve-cebeliye-kampina-duzenlenen-isgal-saldirisinda-5-sehit","status":"publish","type":"post","link":"https:\/\/archive.sana.sy\/tr\/?p=308338","title":{"rendered":"El Zeytun Mahallesi ve Cebeliye Kamp\u0131na D\u00fczenlenen \u0130\u015fgal Sald\u0131r\u0131s\u0131nda 5 \u015eehit"},"content":{"rendered":"<p style=\"text-align: justify;\"><strong>\u0130\u015eGAL ED\u0130LEN KUD\u00dcS (SANA) \u2013 <\/strong>\u0130srail&#8217;in bug\u00fcn \u015fafak vakti Gazze \u015eeridi&#8217;nin kuzeyindeki Cebeliye kamp\u0131 ile Gazze \u015fehrinin g\u00fcneyindeki El-Zaytun mahallesini i\u015fgalci bombard\u0131man\u0131 sonucu 5 Filistinli \u015fehit d\u00fc\u015ft\u00fc, \u00e7ok say\u0131da ki\u015fi de yaraland\u0131.<\/p>\n<p style=\"text-align: justify;\">Filistinli WAFA Haber Ajans\u0131, Gazze \u015eeridi&#8217;nin kuzeyindeki Jabalia m\u00fclteci kamp\u0131ndaki El Fahura b\u00f6lgesinde bir evin i\u015fgalci taraf\u0131ndan bombalanmas\u0131 sonucu 3 Filistinlinin \u015fehit d\u00fc\u015ft\u00fc\u011f\u00fcn\u00fc, \u00e7ok say\u0131da ki\u015finin de yaraland\u0131\u011f\u0131n\u0131 bildirdi.<\/p>\n<p style=\"text-align: justify;\">El Zaytun Mahallesi&#8217;nde ise mahallenin Ka\u015fko Caddesi&#8217;ne d\u00fczenlenen i\u015fgal bombard\u0131man\u0131 sonucu 2 Filistinli \u015fehit d\u00fc\u015ft\u00fc, \u00e7ok say\u0131da Filistinli de yaraland\u0131.<\/p>\n<p style=\"text-align: center;\"><strong><a href=\"https:\/\/t.me\/SuriyeArapHaberAjansI\">Telegram Kanal\u0131m\u0131z\u00a0<\/a>||<a href=\"https:\/\/twitter.com\/arap_ajans\">X Platformumuz\u00a0<\/a>||<a href=\"https:\/\/www.facebook.com\/SANAHaberAjansi\/\">Facebook Sayfam\u0131z<\/a><\/strong><\/p>\n","protected":false},"excerpt":{"rendered":"<p>\u0130\u015eGAL ED\u0130LEN KUD\u00dcS (SANA) \u2013 \u0130srail&#8217;in bug\u00fcn \u015fafak vakti Gazze \u015eeridi&#8217;nin kuzeyindeki Cebeliye kamp\u0131 ile Gazze \u015fehrinin g\u00fcneyindeki El-Zaytun mahallesini i\u015fgalci bombard\u0131man\u0131 sonucu 5 Filistinli \u015fehit d\u00fc\u015ft\u00fc, \u00e7ok say\u0131da ki\u015fi de yaraland\u0131. Filistinli WAFA Haber Ajans\u0131, Gazze \u015eeridi&#8217;nin kuzeyindeki Jabalia m\u00fclteci kamp\u0131ndaki El Fahura b\u00f6lgesinde bir evin i\u015fgalci taraf\u0131ndan bombalanmas\u0131 sonucu 3 Filistinlinin \u015fehit d\u00fc\u015ft\u00fc\u011f\u00fcn\u00fc, &hellip;<\/p>\n","protected":false},"author":36,"featured_media":308339,"comment_status":"closed","ping_status":"closed","sticky":false,"template":"","format":"standard","meta":{"footnotes":""},"categories":[458,589,459,17988],"tags":[],"class_list":["post-308338","post","type-post","status-publish","format-standard","has-post-thumbnail","","category-dunya1","category-haber-seridi","category-haberler-arap-uluslararasi-politika","category-son-haberler"],"_links":{"self":[{"href":"https:\/\/archive.sana.sy\/tr\/index.php?rest_route=\/wp\/v2\/posts\/308338","targetHints":{"allow":["GET"]}}],"collection":[{"href":"https:\/\/archive.sana.sy\/tr\/index.php?rest_route=\/wp\/v2\/posts"}],"about":[{"href":"https:\/\/archive.sana.sy\/tr\/index.php?rest_route=\/wp\/v2\/types\/post"}],"author":[{"embeddable":true,"href":"https:\/\/archive.sana.sy\/tr\/index.php?rest_route=\/wp\/v2\/users\/36"}],"replies":[{"embeddable":true,"href":"https:\/\/archive.sana.sy\/tr\/index.php?rest_route=%2Fwp%2Fv2%2Fcomments&post=308338"}],"version-history":[{"count":3,"href":"https:\/\/archive.sana.sy\/tr\/index.php?rest_route=\/wp\/v2\/posts\/308338\/revisions"}],"predecessor-version":[{"id":308372,"href":"https:\/\/archive.sana.sy\/tr\/index.php?rest_route=\/wp\/v2\/posts\/308338\/revisions\/308372"}],"wp:featuredmedia":[{"embeddable":true,"href":"https:\/\/archive.sana.sy\/tr\/index.php?rest_route=\/wp\/v2\/media\/308339"}],"wp:attachment":[{"href":"https:\/\/archive.sana.sy\/tr\/index.php?rest_route=%2Fwp%2Fv2%2Fmedia&parent=308338"}],"wp:term":[{"taxonomy":"category","embeddable":true,"href":"https:\/\/archive.sana.sy\/tr\/index.php?rest_route=%2Fwp%2Fv2%2Fcategories&post=308338"},{"taxonomy":"post_tag","embeddable":true,"href":"https:\/\/archive.sana.sy\/tr\/index.php?rest_route=%2Fwp%2Fv2%2Ftags&post=308338"}],"curies":[{"name":"wp","href":"https:\/\/api.w.org\/{rel}","templated":true}]}}